{"id":41714,"date":"2022-05-28T10:55:00","date_gmt":"2022-05-28T15:55:00","guid":{"rendered":"http:\/\/www.zonaroja.com.mx\/?p=41714"},"modified":"2022-05-28T16:20:15","modified_gmt":"2022-05-28T21:20:15","slug":"oaxaca-capital-el-aparente-progresismo-respecto-a-la-mariguana-es-un-engano","status":"publish","type":"post","link":"https:\/\/zonaroja.com.mx\/?p=41714","title":{"rendered":"Oaxaca capital: el aparente progresismo respecto a la mariguana, es un enga\u00f1o"},"content":{"rendered":"\n<p>Adri\u00e1n Ortiz Romero Cuevas<\/p>\n\n\n\n<p>Sin preguntarle a nadie, y sin considerar la m\u00e1s m\u00ednima ponderaci\u00f3n entre la estratagema del progresismo&nbsp;frente a los derechos&nbsp;de los habitantes de la capital oaxaque\u00f1a, el edil Francisco Mart\u00ednez Neri decidi\u00f3 convertir el Paseo Ju\u00e1rez&nbsp;en un espacio \u201camigable\u201d para la gente que desea fumar mariguana en la v\u00eda p\u00fablica.&nbsp;<\/p>\n\n\n\n<p>Pensando en que esto lo ubicaba como un gobernante de avanzada,&nbsp;desde\u00f1\u00f3 no s\u00f3lo a los ni\u00f1os y&nbsp;las familias oaxaque\u00f1as que usan&nbsp;ese&nbsp;espaciop\u00fablico&nbsp;como zona&nbsp;de recreaci\u00f3n y esparcimiento, sino tambi\u00e9n a la ley.&nbsp;<\/p>\n\n\n\n<p>En efecto, en abril pasado el&nbsp;Edil&nbsp;citadino emiti\u00f3&nbsp;una autorizaci\u00f3n&nbsp;\u2014que no hizo del conocimiento previo del Cabildo, y que por ende \u00e9ste no aval\u00f3\u2014&nbsp;para que en el parque El Llano se permitiera que las personas que desearan consumir mariguana lo hicieran libremente, con el \u00fanico l\u00edmite de que no afectaran a terceros. Esto, seguramente emulando al gobierno morenista de la Ciudad de M\u00e9xico que tambi\u00e9n ha dado su anuencia para que en ciertos espacios abiertos se pueda consumir dicho producto&nbsp;sin restricci\u00f3n, a partir del hecho de que la Suprema Corte de Justicia de la Naci\u00f3n declar\u00f3 que el uso l\u00fadico de la mariguana no es ilegal, y que por ende las personas pueden hacerlo sin&nbsp;reserva&nbsp;alguna.<\/p>\n\n\n\n<p>En todo esto, el problema es que tanto el Gobierno de la Ciudad de M\u00e9xico como el municipal de la capital oaxaque\u00f1a, han malentendido el sentido de la resoluci\u00f3n de la Suprema Corte. Pues si bien el Alto Tribunal consider\u00f3 que el uso l\u00fadico de la mariguana no contraviene&nbsp;la ley y que, por ende, las personas no pueden ser perseguidas ni criminalizadas por poseer la cantidad necesaria para su consumo o \u2014literalmente\u2014 por fumarla, lo cierto es que con esa declaratoria la Corte no dijo que su uso est\u00e1 ajeno a la regulaci\u00f3n y, a la luz&nbsp;de un concepto&nbsp;denominado\u201cpar\u00e1metro de control de regularidad constitucional\u201d, queda claro que el derecho que tienen las personas a fumar mariguana, o cualquier otro producto como el tabaco, no los exime \u2014ni a ellos ni a la autoridad\u2014 de considerar y respetar los derechos de los dem\u00e1s. \u00bfA qu\u00e9 nos referimos?<\/p>\n\n\n\n<p>A que por un lado est\u00e1 la posibilidad libre de las personas para fumar mariguana, el cual se funda en el derecho al libre desarrollo de la personalidad; pero frente a ello se encuentran otros derechos como el de la salud,&nbsp;la recreaci\u00f3n, el deporte y la cultura, as\u00ed como con relevancia&nbsp;los derechos de la ni\u00f1ez \u2014que est\u00e1n considerados como de inter\u00e9s superior para la sociedad, tanto en la legislaci\u00f3n nacional como en la internacional\u2014&nbsp;as\u00ed como el derecho que tienen todas las personas a vivir y convivir en espacios libres de contaminantes.<\/p>\n\n\n\n<p>Y es que, aunque pareciera que la disposici\u00f3n emitida por el&nbsp;Edil&nbsp;citadino para que&nbsp;el Parque El Llano fuera un espacio amigable con los consumidores de mariguana, y con ello envolverse en un halo de progresismo con el que intentan suplir&nbsp;y esconder&nbsp;diversas insuficiencias de la gesti\u00f3n municipal,&nbsp;lo cierto es que todo esto es una estratagema. La Corte defini\u00f3 como legal el consumo de la mariguana, pero con ello no le dio carta abierta para que su consumo sea libre en cualquier espacio.<\/p>\n\n\n\n<p>Ello no ocurre hoy ni siquiera con el tabaco, que es el producto fumable m\u00e1s usado por&nbsp;la gente, y que&nbsp;adem\u00e1s de ser cada vez m\u00e1s rechazado socialmente&nbsp;hoy su consumo est\u00e1 sujeto&nbsp;a fuertes regulaciones en espacios abiertos y cerrados en los que conviven m\u00e1s personas. Por ello, suponer&nbsp;que las regulaciones del tabaco&nbsp;no son&nbsp;de inicio&nbsp;equiparables frente a la mariguana, no s\u00f3lo&nbsp;constituye&nbsp;un error,&nbsp;sino que deliberadamente&nbsp;es&nbsp;un desprecio a su propia figura como autoridad, y a la inteligencia e integridad de la ciudadan\u00eda.<\/p>\n\n\n\n<p>LA AUTORIDAD, FUERA DE S\u00cd<\/p>\n\n\n\n<p>Lamentablemente,&nbsp;el parque \u201cEl Llano\u201d hoy es zona de encuentro para fumadores de mariguana que han aprovechado la artima\u00f1a municipal de autorizarles ese espacio p\u00fablico para consumir dicho producto.&nbsp;Lo hacen, ejerciendo su derecho al libre desarrollo de la personalidad, pero en medio de&nbsp;ni\u00f1as y ni\u00f1os&nbsp;que ocupan tambi\u00e9n ese espacio para aprender a patinar, para montar bicicleta, para bailar, o simplemente para jugar; lo hacen frente a familias y personas de la tercera edad que acuden a ese lugar a ejercitarse; o a familias que van a respirar aire fresco; a pasar la ma\u00f1ana o la tarde entre los \u00e1rboles y las fuentes&nbsp;del parque&nbsp;o, lo que es tradicional, a comer un elote o un esquite.<\/p>\n\n\n\n<p>As\u00ed, los fumadores de mariguana pueden hacerlo libremente en sus domicilios, pero la autoridad dio un brinco equivocado, precipitado e irreflexivo, y les autoriz\u00f3 la utilizaci\u00f3n de dicho espacio sin tener ninguna atribuci\u00f3n para dicho efecto. \u00bfQui\u00e9n regula el uso de la mariguana? La Corte dijo que&nbsp;el uso debe ocurrir previo a la obtenci\u00f3n de un permiso emitido por la Comisi\u00f3n Federal para la Protecci\u00f3n contra Riesgos Sanitarios; y que su uso estaba restringido a no causar ning\u00fan tipo de molestias a terceros. Y si bien la autoridad municipal es la constitucionalmente encargada de la regulaci\u00f3n de parques y jardines, tambi\u00e9n es cierto que su&nbsp;potestad&nbsp;tiene como l\u00edmite no causarle molestias o amenazar la integridad&nbsp;o los derechos&nbsp;de&nbsp;las dem\u00e1s personas.<\/p>\n\n\n\n<p>Y lamentablemente pareciera que el gobierno de la capital est\u00e1 aprovechando el des\u00e1nimo ciudadano frente a la propia autoridad. Los oaxaque\u00f1os hemos visto c\u00f3mo la ciudad contin\u00faa en un franco proceso de deterioro sin que nada ni nadie pueda o quiera detenerlo; que la connivencia&nbsp;\u2014la complicidad, pues\u2014&nbsp;entre autoridades y&nbsp;exautoridadesmunicipales&nbsp;es a tal nivel,&nbsp;que los antecesores dejaron a la capital desfondada&nbsp;y desmantelada,&nbsp;y la autoridad actual no ha movido un dedo para perseguirlos, que por eso pareciera que los oaxaque\u00f1os ya perdieron la confianza en la autoridad y en la ley.<\/p>\n\n\n\n<p>Pues cometer tal desprop\u00f3sito como convertir en un espacio recreativo y familiar para los ni\u00f1os y las familias, en un espacio \u201cfriendly\u201d para el consumo de mariguana, implica diversos riesgos y afrentas que la autoridad municipal deb\u00eda ver con m\u00e1s seriedad. La posesi\u00f3n de mariguana y su consumo son legales, pero no la venta. Y el riesgo que corre la ciudadan\u00eda es tener que convivir no s\u00f3lo con consumidores sino tambi\u00e9n con vendedores del producto que, ellos s\u00ed, realizan una actividad ilegal. Y a nadie le gustar\u00eda que luego de batallar tanto para que sus hijos o familia dejaran de ser fumadores pasivos de tabaco, ahora lo sean inopinadamente, pero de mariguana.<\/p>\n\n\n\n<p>Francisco Mart\u00ednez Neri deber\u00eda ver con seriedad este asunto y tomar medidas para evitar que este espacio p\u00fablico deje de ser familiar y recreativo. Debe ponderar por encima de sus enga\u00f1osos anhelos progresistas, los derechos&nbsp;de los ni\u00f1os&nbsp;yde las familias.&nbsp;<\/p>\n\n\n\n<p>Quiz\u00e1 el&nbsp;Edil&nbsp;no lo sabe&nbsp;o deliberadamente no lo recuerda, pero el octavo p\u00e1rrafo del art\u00edculo 4 de la Constituci\u00f3n federal dice a la letra: \u201cEn todas las decisiones y actuaciones del Estado se velar\u00e1 y cumplir\u00e1 con el principio del inter\u00e9s superior de la ni\u00f1ez, garantizando de manera plena sus derechos.&nbsp;Los ni\u00f1os y las ni\u00f1astienen derecho a la satisfacci\u00f3n de sus necesidades de alimentaci\u00f3n, salud, educaci\u00f3n y sano esparcimiento para su desarrollo integral.\u201d&nbsp;<\/p>\n\n\n\n<p>Por encima de cualquier suposici\u00f3n, es obligaci\u00f3n del&nbsp;Edilde la capital oaxaque\u00f1a cumplir con este mandato constitucional.<\/p>\n\n\n\n<p>EPITAFIO&nbsp;<\/p>\n\n\n\n<p>La ciudadan\u00eda se qued\u00f3 sola ante la sinraz\u00f3n.&nbsp;Y si la autoridad municipal est\u00e1 mal, queda claro que el Gobierno del Estado y la Federaci\u00f3n est\u00e1n igual o peor,&nbsp;porque simplemente han esquivado el tema, cuando deb\u00eda ser su obligaci\u00f3n \u2014igualmente constitucional\u2014, exigirle a la autoridad municipal, incluso a trav\u00e9s de una controversia ante la Corte,&nbsp;que revoque dicha autorizaci\u00f3n que pisotea los derechos de la ni\u00f1ez oaxaque\u00f1a.<\/p>\n\n\n\n<p>http:\/\/columnaalmargen.mx<\/p>\n\n\n\n<p>@columnaalmargen<\/p>\n\n\n\n<p>@ortizromeroc<\/p>\n","protected":false},"excerpt":{"rendered":"<p>Adri\u00e1n Ortiz Romero Cuevas Sin preguntarle a nadie, y sin considerar la m\u00e1s m\u00ednima ponderaci\u00f3n&hellip;<\/p>\n","protected":false},"author":2,"featured_media":41727,"comment_status":"closed","ping_status":"open","sticky":false,"template":"","format":"standard","meta":{"_lmt_disableupdate":"","_lmt_disable":"","_jetpack_memberships_contains_paid_content":false,"footnotes":""},"categories":[456,109],"tags":[2994],"class_list":["post-41714","post","type-post","status-publish","format-standard","has-post-thumbnail","hentry","category-columna","category-minuto-a-minuto","tag-adrian-ortiz-romero-cuevas"],"jetpack_featured_media_url":"https:\/\/zonaroja.com.mx\/wp-content\/uploads\/2022\/05\/268ff40f-0d29-460d-b639-fc8eebaa17a4.jpg","jetpack_sharing_enabled":true,"_links":{"self":[{"href":"https:\/\/zonaroja.com.mx\/index.php?rest_route=\/wp\/v2\/posts\/41714","targetHints":{"allow":["GET"]}}],"collection":[{"href":"https:\/\/zonaroja.com.mx\/index.php?rest_route=\/wp\/v2\/posts"}],"about":[{"href":"https:\/\/zonaroja.com.mx\/index.php?rest_route=\/wp\/v2\/types\/post"}],"author":[{"embeddable":true,"href":"https:\/\/zonaroja.com.mx\/index.php?rest_route=\/wp\/v2\/users\/2"}],"replies":[{"embeddable":true,"href":"https:\/\/zonaroja.com.mx\/index.php?rest_route=%2Fwp%2Fv2%2Fcomments&post=41714"}],"version-history":[{"count":1,"href":"https:\/\/zonaroja.com.mx\/index.php?rest_route=\/wp\/v2\/posts\/41714\/revisions"}],"predecessor-version":[{"id":41715,"href":"https:\/\/zonaroja.com.mx\/index.php?rest_route=\/wp\/v2\/posts\/41714\/revisions\/41715"}],"wp:featuredmedia":[{"embeddable":true,"href":"https:\/\/zonaroja.com.mx\/index.php?rest_route=\/wp\/v2\/media\/41727"}],"wp:attachment":[{"href":"https:\/\/zonaroja.com.mx\/index.php?rest_route=%2Fwp%2Fv2%2Fmedia&parent=41714"}],"wp:term":[{"taxonomy":"category","embeddable":true,"href":"https:\/\/zonaroja.com.mx\/index.php?rest_route=%2Fwp%2Fv2%2Fcategories&post=41714"},{"taxonomy":"post_tag","embeddable":true,"href":"https:\/\/zonaroja.com.mx\/index.php?rest_route=%2Fwp%2Fv2%2Ftags&post=41714"}],"curies":[{"name":"wp","href":"https:\/\/api.w.org\/{rel}","templated":true}]}}