{"id":41719,"date":"2022-05-28T09:02:44","date_gmt":"2022-05-28T14:02:44","guid":{"rendered":"http:\/\/www.zonaroja.com.mx\/?p=41719"},"modified":"2022-05-28T09:02:46","modified_gmt":"2022-05-28T14:02:46","slug":"fuertes-vientos-derriban-decena-de-arboles-en-huatulco","status":"publish","type":"post","link":"https:\/\/zonaroja.com.mx\/?p=41719","title":{"rendered":"Fuertes vientos derriban decena de \u00e1rboles en Huatulco"},"content":{"rendered":"\n<p>Redacci\u00f3n\/Zona Roja.<\/p>\n\n\n\n<p>Oaxaca de Ju\u00e1rez, Oax., 28 de mayo de 2022.- Los fuertes vientos provocados por lo que ayer era Depresi\u00f3n Tropical, derribaron al menos una decena de \u00e1rboles principalmente en Santa Cruz Huatulco.<\/p>\n\n\n\n<p>Elementos del Cuerpo de Bomberos acudieron ayer por la tarde al estacionamiento p\u00fablico de la bah\u00eda y playa de Santa Cruz, en el lugar se report\u00f3 el desprendimiento de un \u00e1rbol Ficus, afectando postes y cableado el\u00e9ctrico.&nbsp;<\/p>\n\n\n\n<p>Al arribar y en colaboraci\u00f3n con Comisi\u00f3n Federal de Electricidad, se labor\u00f3 en el seguro corte y retiro del mismo, inform\u00f3.<\/p>\n\n\n\n<p>Tambi\u00e9n acudieron a la avenida San Agust\u00edn, donde reportaron un \u00e1rbol ca\u00eddo a causa de los fuertes vientos; ah\u00ed realizaron labores de troceo y retiro del mismo, liberando la vialidad. No se reportaron m\u00e1s da\u00f1os.<\/p>\n\n\n\n<p>Asimismo, los elementos de Bomberos de Huatulco acudieron a Bah\u00eda El \u00d3rgano, Sector T, donde se report\u00f3 la ca\u00edda de un \u00e1rbol Ficus.&nbsp;<\/p>\n\n\n\n<p>De la misma manera brindaron auxilio en la calle Color\u00edn del Sector H, en que se report\u00f3 la ca\u00edda de un \u00e1rbol Ficus, afectando la vialidad y una camioneta, al arribar se realizaron labores de troceo y retiro del mismo. Sin reportar m\u00e1s da\u00f1os concluy\u00f3 el servicio.<\/p>\n\n\n\n<p>En tanto que la v\u00edspera, Bomberos de Huatulco acudieron acudieron a la avenida Chahu\u00e9, frente al IMSS, donde se report\u00f3 el desprendimiento de ra\u00edz de un \u00e1rbol que cay\u00f3 afectando la vialidad y dos veh\u00edculos, al arribar realizan trabajos de troceo y el retiro del mismo.<\/p>\n","protected":false},"excerpt":{"rendered":"<p>Redacci\u00f3n\/Zona Roja. Oaxaca de Ju\u00e1rez, Oax., 28 de mayo de 2022.- Los fuertes vientos provocados&hellip;<\/p>\n","protected":false},"author":2,"featured_media":41720,"comment_status":"closed","ping_status":"open","sticky":false,"template":"","format":"standard","meta":{"_lmt_disableupdate":"","_lmt_disable":"","_jetpack_memberships_contains_paid_content":false,"footnotes":""},"categories":[109,46],"tags":[2588],"class_list":["post-41719","post","type-post","status-publish","format-standard","has-post-thumbnail","hentry","category-minuto-a-minuto","category-zona-blanca","tag-santa-cruz-huatulco"],"jetpack_featured_media_url":"https:\/\/zonaroja.com.mx\/wp-content\/uploads\/2022\/05\/Arboles-caidos-Huatulco.jpeg","jetpack_sharing_enabled":true,"_links":{"self":[{"href":"https:\/\/zonaroja.com.mx\/index.php?rest_route=\/wp\/v2\/posts\/41719","targetHints":{"allow":["GET"]}}],"collection":[{"href":"https:\/\/zonaroja.com.mx\/index.php?rest_route=\/wp\/v2\/posts"}],"about":[{"href":"https:\/\/zonaroja.com.mx\/index.php?rest_route=\/wp\/v2\/types\/post"}],"author":[{"embeddable":true,"href":"https:\/\/zonaroja.com.mx\/index.php?rest_route=\/wp\/v2\/users\/2"}],"replies":[{"embeddable":true,"href":"https:\/\/zonaroja.com.mx\/index.php?rest_route=%2Fwp%2Fv2%2Fcomments&post=41719"}],"version-history":[{"count":1,"href":"https:\/\/zonaroja.com.mx\/index.php?rest_route=\/wp\/v2\/posts\/41719\/revisions"}],"predecessor-version":[{"id":41721,"href":"https:\/\/zonaroja.com.mx\/index.php?rest_route=\/wp\/v2\/posts\/41719\/revisions\/41721"}],"wp:featuredmedia":[{"embeddable":true,"href":"https:\/\/zonaroja.com.mx\/index.php?rest_route=\/wp\/v2\/media\/41720"}],"wp:attachment":[{"href":"https:\/\/zonaroja.com.mx\/index.php?rest_route=%2Fwp%2Fv2%2Fmedia&parent=41719"}],"wp:term":[{"taxonomy":"category","embeddable":true,"href":"https:\/\/zonaroja.com.mx\/index.php?rest_route=%2Fwp%2Fv2%2Fcategories&post=41719"},{"taxonomy":"post_tag","embeddable":true,"href":"https:\/\/zonaroja.com.mx\/index.php?rest_route=%2Fwp%2Fv2%2Ftags&post=41719"}],"curies":[{"name":"wp","href":"https:\/\/api.w.org\/{rel}","templated":true}]}}