{"id":4172,"date":"2019-09-21T21:41:21","date_gmt":"2019-09-22T02:41:21","guid":{"rendered":"http:\/\/www.zonaroja.com.mx\/?p=4172"},"modified":"2019-09-21T21:41:24","modified_gmt":"2019-09-22T02:41:24","slug":"de-norte-a-sur-de-este-a-oeste-salvemos-la-vida-cueste-lo-que-cueste","status":"publish","type":"post","link":"https:\/\/zonaroja.com.mx\/?p=4172","title":{"rendered":"\u201c\u00a1De norte a sur, de este a oeste, salvemos la vida, cueste lo que cueste!\u201d"},"content":{"rendered":"\n<p>Redacci\u00f3n\/Zona\nRoja.<\/p>\n\n\n\n<p>Ciudad de\nOaxaca, Oax., 21 de septiembre de 2019.- \u201c\u00a1Si a la vida, no al aborto! \u00a1S\u00ed a la\nvida, no al aborto! \u00a1S\u00ed a la vida, no al aborto!\u201d.<\/p>\n\n\n\n<p>Por primera vez,\ncat\u00f3licos, evang\u00e9licos y organismos de la sociedad civil se unieron en un solo\ngrito.<\/p>\n\n\n\n<p>Entre\nm\u00fasica, im\u00e1genes religiosas, coros cristianos, con globos blancos, pancartas y\ndem\u00e1s, al menos cinco mil personas marcharon la tarde-noche de este s\u00e1bado en\nla ciudad de Oaxaca.<\/p>\n\n\n\n<p>\u201c\u00a1De norte a\nsur, de este a oeste, salvemos la vida, cueste lo que cueste!\u201d, fue una de las\nnuevas arengas, al estilo de la Secci\u00f3n 22 del SNTE, pero de forma pac\u00edfica,\ncon alegr\u00eda y en unidad.<\/p>\n\n\n\n<p>De la fuente\nde las Ocho Regiones parti\u00f3 el contingente, poco despu\u00e9s de las 18:30 horas, hacia\nla calzada Porfirio D\u00edaz y avenida Ju\u00e1rez, para rodear el parque \u201cEl Llano\u201d y\nculminar en la calle Derechos Humanos de la capital.<\/p>\n\n\n\n<p>La raz\u00f3n\nfundamental de la uni\u00f3n de iglesias: el rechazo a la iniciativa de diputados\npara legalizar el aborto, misma que se discutir\u00eda y aprobar\u00eda el pr\u00f3ximo 25 de\nseptiembre, en sesi\u00f3n ordinaria.<\/p>\n\n\n\n<p>\u201c\u00a1S\u00ed a la vida, s\u00ed a la vida, s\u00ed a la vida! \u00a1Para qu\u00e9 estamos aqu\u00ed, para defender la vida!\u201d, \u201c\u00a1No somos uno, no somos 100, se\u00f1or diputado, cu\u00e9ntanos bien!\u201d, los gritos entremezclados, con la parada encabezada por un grupo de motociclistas y una banda de m\u00fasica.<\/p>\n\n\n\n<figure class=\"wp-block-embed-twitter wp-block-embed is-type-rich is-provider-twitter\"><div class=\"wp-block-embed__wrapper\">\n<div class=\"twitter-tweet\"><blockquote class=\"twitter-tweet\" data-lang=\"es\"><p lang=\"es\" dir=\"ltr\">Miles de personas, de las iglesias cat\u00f3lica y evang\u00e9lica, as\u00ed como de la sociedad civil, marcharon hoy de la fuente de las Ocho Regiones de la ciudad de <a href=\"https:\/\/twitter.com\/hashtag\/Oaxaca?src=hash&amp;ref_src=twsrc%5Etfw\">#Oaxaca<\/a> al parque \u201cEl Llano\u201d y a la calle Derechos Humanos, para gritar: \u00a1S\u00ed a la vida, no al aborto! <a href=\"https:\/\/t.co\/byq9VKvpta\">pic.twitter.com\/byq9VKvpta<\/a><\/p>&mdash; Zona Roja Oaxaca (@MexRoja) <a href=\"https:\/\/twitter.com\/MexRoja\/status\/1175592739154452480?ref_src=twsrc%5Etfw\">22 de septiembre de 2019<\/a><\/blockquote><\/div>\n<\/div><\/figure>\n\n\n\n<p>Alrededor de\nlas ocho de la noche, con mensajes por varios representantes, culmin\u00f3 la\nmarcha, para despu\u00e9s dar paso a una serie de mensajes.<\/p>\n\n\n\n<p>\u201cRespetemos\nla vida, gracias por caminar y decir s\u00ed a la vida, no al aborto. \u00a1Que este\ngrito se escuche en el Congreso de nuestro estado de Oaxaca! Estoy aqu\u00ed con el\nderecho que tengo como ciudadano de este estado libre y soberano, de poderme\nmanifestar.<\/p>\n\n\n\n<p>\u201cSoy ciudadano,\npor eso vine, amo a Oaxaca, respeto a Oaxaca\u201d, dijo el arzobispo de Antequera,\nPedro V\u00e1zquez Villalobos.<\/p>\n\n\n\n<p>A nombre de\nla Confraternidad de Iglesias Cristianas de Oaxaca habl\u00f3 Porfirio Flores\nZ\u00fa\u00f1iga, quien dijo que la Biblia en diversos pasajes se privilegia la vida\ndesde el vientre materno. <\/p>\n\n\n\n<p>\u201cEl Rey\nDavid sab\u00eda que el origen de la vida est\u00e1 m\u00e1s all\u00e1 del ser humano, est\u00e1 en Dios\nmismo\u201d, dijo. <\/p>\n\n\n\n<p>Le secund\u00f3\nPaola Flores, a nombre tambi\u00e9n de la feligres\u00eda evang\u00e9lica: <\/p>\n\n\n\n<p>\u201cSi entendemos\nque es imposible comprar vida en los supermercados, por qu\u00e9 hay tanto af\u00e1n de deshacernos\nde ella, de descartarla en el segundo en que incomoda nuestros planes y\nplaceres. Tal vez lo que hace falta es aprender a querer la vida, luchar por\nella, porque si uno no pelea para que la vida sea valiosa, qu\u00e9 sentido tiene\u201d.<\/p>\n\n\n\n<p>Lo que\nllamaron fiesta por la vida, culmin\u00f3 despu\u00e9s de las nueve de la noche con\ncantos y oraciones. El mi\u00e9rcoles, tambi\u00e9n estar\u00e1n presentes en el Congreso del\nEstado para seguir dando la batalla por la vida.<\/p>\n","protected":false},"excerpt":{"rendered":"<p>Redacci\u00f3n\/Zona Roja. Ciudad de Oaxaca, Oax., 21 de septiembre de 2019.- \u201c\u00a1Si a la vida,&hellip;<\/p>\n","protected":false},"author":2,"featured_media":4173,"comment_status":"closed","ping_status":"open","sticky":false,"template":"","format":"standard","meta":{"_lmt_disableupdate":"","_lmt_disable":"","_jetpack_memberships_contains_paid_content":false,"footnotes":""},"categories":[109,46],"tags":[745],"class_list":["post-4172","post","type-post","status-publish","format-standard","has-post-thumbnail","hentry","category-minuto-a-minuto","category-zona-blanca","tag-marcha-contra-el-aborto-en-oaxaca"],"jetpack_featured_media_url":"https:\/\/zonaroja.com.mx\/wp-content\/uploads\/2019\/09\/eac8bf68-bc32-478c-83e6-6eedbcec3576.jpg","jetpack_sharing_enabled":true,"_links":{"self":[{"href":"https:\/\/zonaroja.com.mx\/index.php?rest_route=\/wp\/v2\/posts\/4172","targetHints":{"allow":["GET"]}}],"collection":[{"href":"https:\/\/zonaroja.com.mx\/index.php?rest_route=\/wp\/v2\/posts"}],"about":[{"href":"https:\/\/zonaroja.com.mx\/index.php?rest_route=\/wp\/v2\/types\/post"}],"author":[{"embeddable":true,"href":"https:\/\/zonaroja.com.mx\/index.php?rest_route=\/wp\/v2\/users\/2"}],"replies":[{"embeddable":true,"href":"https:\/\/zonaroja.com.mx\/index.php?rest_route=%2Fwp%2Fv2%2Fcomments&post=4172"}],"version-history":[{"count":1,"href":"https:\/\/zonaroja.com.mx\/index.php?rest_route=\/wp\/v2\/posts\/4172\/revisions"}],"predecessor-version":[{"id":4174,"href":"https:\/\/zonaroja.com.mx\/index.php?rest_route=\/wp\/v2\/posts\/4172\/revisions\/4174"}],"wp:featuredmedia":[{"embeddable":true,"href":"https:\/\/zonaroja.com.mx\/index.php?rest_route=\/wp\/v2\/media\/4173"}],"wp:attachment":[{"href":"https:\/\/zonaroja.com.mx\/index.php?rest_route=%2Fwp%2Fv2%2Fmedia&parent=4172"}],"wp:term":[{"taxonomy":"category","embeddable":true,"href":"https:\/\/zonaroja.com.mx\/index.php?rest_route=%2Fwp%2Fv2%2Fcategories&post=4172"},{"taxonomy":"post_tag","embeddable":true,"href":"https:\/\/zonaroja.com.mx\/index.php?rest_route=%2Fwp%2Fv2%2Ftags&post=4172"}],"curies":[{"name":"wp","href":"https:\/\/api.w.org\/{rel}","templated":true}]}}