{"id":41725,"date":"2022-05-28T12:03:23","date_gmt":"2022-05-28T17:03:23","guid":{"rendered":"https:\/\/www.zonaroja.com.mx\/?p=41725"},"modified":"2022-05-28T12:10:10","modified_gmt":"2022-05-28T17:10:10","slug":"lo-que-se-temia-tras-hepatitis-ahora-llega-la-viruela-del-mono-a-mexico","status":"publish","type":"post","link":"https:\/\/zonaroja.com.mx\/?p=41725","title":{"rendered":"Lo que se tem\u00eda: tras hepatitis, ahora llega la \u201cviruela del mono\u201d a M\u00e9xico"},"content":{"rendered":"\n<p>Redacci\u00f3n\/Zona Roja Cdmx.<\/p>\n\n\n\n<p>Ciudad de M\u00e9xico, 28 de mayo de 2022.- El subsecretario de Prevenci\u00f3n y Promoci\u00f3n de la Salud, Hugo L\u00f3pez-Gatell, confirm\u00f3 el primer caso de la \u201cviruela del mono\u201d en M\u00e9xico.<\/p>\n\n\n\n<p>De acuerdo con el funcionario federal, se trata de un paciente de 50 a\u00f1os, residente permanente de la ciudad de Nueva York. A trav\u00e9s de su cuenta de Twitter, detall\u00f3 que se trata de un caso importado, ya que esta persona probablemente se contagi\u00f3 en Holanda.<\/p>\n\n\n\n<p>\u00abAfortunadamente, se encuentra estable y en aislamiento preventivo. Esperamos que se recupere sin complicaciones\u00bb, public\u00f3 el funcionario, al se\u00f1alar que es atendido en un hospital de la Ciudad de M\u00e9xico.<\/p>\n\n\n\n<p>Adem\u00e1s, recalc\u00f3 que la viruela s\u00edmica se transmite de persona a persona por contacto directo, es decir no se propaga por aire, agua o alimentos. <\/p>\n\n\n\n<p>El funcionario explic\u00f3 que la eficiencia del contagio es baja, por lo que generalmente se presentan casos aislados o peque\u00f1os brotes, no epidemias generalizadas.<\/p>\n\n\n\n<p>Apenas el pasado 25 de mayo, el Comit\u00e9 Nacional para la Vigilancia Epidemiol\u00f3gica (Conave) lanz\u00f3 un aviso epidemiol\u00f3gico a las unidades de salud para que, en caso de detectar alg\u00fan&nbsp;caso sospechoso de viruela del mono, se manden las muestras biol\u00f3gicas a los laboratorios de Salud p\u00fablica para as\u00ed confirmar o descartar casos de esta enfermedad.<\/p>\n\n\n\n<p>El aviso se emiti\u00f3 para todas las unidades m\u00e9dicas de primer, segundo y tercer nivel de atenci\u00f3n, Unidades de Vigilancia Epidemiol\u00f3gica Hospitalaria, y miembros de la Red Nacional de Laboratorios de Salud P\u00fablica, para tener en vigilancia cualquier caso sospechoso y d\u00e9 aviso a las unidades correspondientes.<\/p>\n\n\n\n<p>(Informaci\u00f3n de Expansi\u00f3n Pol\u00edtica)<\/p>\n","protected":false},"excerpt":{"rendered":"<p>Redacci\u00f3n\/Zona Roja Cdmx. Ciudad de M\u00e9xico, 28 de mayo de 2022.- El subsecretario de Prevenci\u00f3n&hellip;<\/p>\n","protected":false},"author":2,"featured_media":41722,"comment_status":"closed","ping_status":"open","sticky":false,"template":"","format":"standard","meta":{"_lmt_disableupdate":"","_lmt_disable":"","_jetpack_memberships_contains_paid_content":false,"footnotes":""},"categories":[1,47],"tags":[],"class_list":["post-41725","post","type-post","status-publish","format-standard","has-post-thumbnail","hentry","category-sin-categoria","category-zona-gris"],"jetpack_featured_media_url":"https:\/\/zonaroja.com.mx\/wp-content\/uploads\/2022\/05\/img_4256.jpg","jetpack_sharing_enabled":true,"_links":{"self":[{"href":"https:\/\/zonaroja.com.mx\/index.php?rest_route=\/wp\/v2\/posts\/41725","targetHints":{"allow":["GET"]}}],"collection":[{"href":"https:\/\/zonaroja.com.mx\/index.php?rest_route=\/wp\/v2\/posts"}],"about":[{"href":"https:\/\/zonaroja.com.mx\/index.php?rest_route=\/wp\/v2\/types\/post"}],"author":[{"embeddable":true,"href":"https:\/\/zonaroja.com.mx\/index.php?rest_route=\/wp\/v2\/users\/2"}],"replies":[{"embeddable":true,"href":"https:\/\/zonaroja.com.mx\/index.php?rest_route=%2Fwp%2Fv2%2Fcomments&post=41725"}],"version-history":[{"count":1,"href":"https:\/\/zonaroja.com.mx\/index.php?rest_route=\/wp\/v2\/posts\/41725\/revisions"}],"predecessor-version":[{"id":41726,"href":"https:\/\/zonaroja.com.mx\/index.php?rest_route=\/wp\/v2\/posts\/41725\/revisions\/41726"}],"wp:featuredmedia":[{"embeddable":true,"href":"https:\/\/zonaroja.com.mx\/index.php?rest_route=\/wp\/v2\/media\/41722"}],"wp:attachment":[{"href":"https:\/\/zonaroja.com.mx\/index.php?rest_route=%2Fwp%2Fv2%2Fmedia&parent=41725"}],"wp:term":[{"taxonomy":"category","embeddable":true,"href":"https:\/\/zonaroja.com.mx\/index.php?rest_route=%2Fwp%2Fv2%2Fcategories&post=41725"},{"taxonomy":"post_tag","embeddable":true,"href":"https:\/\/zonaroja.com.mx\/index.php?rest_route=%2Fwp%2Fv2%2Ftags&post=41725"}],"curies":[{"name":"wp","href":"https:\/\/api.w.org\/{rel}","templated":true}]}}