{"id":41737,"date":"2022-05-28T16:57:34","date_gmt":"2022-05-28T21:57:34","guid":{"rendered":"http:\/\/www.zonaroja.com.mx\/?p=41737"},"modified":"2022-05-28T16:57:35","modified_gmt":"2022-05-28T21:57:35","slug":"opinion-pacificar","status":"publish","type":"post","link":"https:\/\/zonaroja.com.mx\/?p=41737","title":{"rendered":"Opini\u00f3n. Pacificar"},"content":{"rendered":"\n<p>Gibr\u00e1n Ram\u00edrez Reyes*<\/p>\n\n\n\n<p>En nuestra conversaci\u00f3n p\u00fablica, la historia que nos hemos contado se estructura mediante conflictos armados.&nbsp;<\/p>\n\n\n\n<p>\u201cLa conquista\u201d se ha visto como una guerra entre dos bandos enormes, derivada de una invasi\u00f3n, pero se mira a otro lado cuando hay que hablar de la paz previa, de c\u00f3mo se hizo y se fue arruinando un arreglo social que deriv\u00f3 en la serie de conflictos armados y posterior guerra civil que solemos desconocer y encapsular bajo el nombre de \u201cLa conquista\u201d.&nbsp;<\/p>\n\n\n\n<p>Del mismo modo, hubo arreglos \u2014todos cruzados por un engranaje de relaciones de dominaci\u00f3n, obviamente\u2014 y paces previas y posteriores a los conflictos armados que encapsulamos en los nombres de \u201cIndependencia\u201d, \u201cReforma\u201d y \u201cRevoluci\u00f3n\u201d.&nbsp;<\/p>\n\n\n\n<p>Justificar la necesidad hist\u00f3rica de esos conflictos ayuda a darle un sentido espec\u00edfico a la historia, aunque sea ficticio, pero, sobre todo, sirve para mistificar los \u00f3rdenes sociales generados despu\u00e9s, dando legitimidad al grupo vencedor.&nbsp;<\/p>\n\n\n\n<p>No habr\u00eda sido lo mismo construir pa\u00eds sin la autoridad de los muertos. (Casi toda esa idea, salvo lo que no haya dicho bien, la tom\u00e9 de Fernando Escalante).<\/p>\n\n\n\n<p>La historia del pueblo de M\u00e9xico coordinada por Felipe \u00c1vila, presentada por L\u00f3pez Obrador, s\u00ed da cuenta de esta complejidad, pero de todos modos hace hincapi\u00e9 en esas grandes violencias como n\u00facleo fundador, aun si el legado de esos procesos se construy\u00f3 fuera de las armas, pues pacificar es un oficio muy distinto al de ganar batallas.&nbsp;<\/p>\n\n\n\n<p>Para tomar el ejemplo de la Revoluci\u00f3n Mexicana, sus principales legados, la educaci\u00f3n p\u00fablica, el reparto agrario, la seguridad social, se construyeron en la pacificaci\u00f3n y generaron arreglos sociales que la consumaron y que no pueden explicarse por la historia militar.&nbsp;<\/p>\n\n\n\n<p>Nuestra paz actual comenz\u00f3 a estropearse en 2006, quiz\u00e1 un poco antes. Los arreglos que la articulaban colapsaron y Felipe Calder\u00f3n vino a terminar de romperla con una bazuca. No se trata de una \u201ccrisis de seguridad\u201d y no se necesita, en consecuencia, una \u201cestrategia de seguridad\u201d ni basta con revisar los hechos violentos muy temprano.&nbsp;<\/p>\n\n\n\n<p>Necesitamos, para enfrentar la cruent\u00edsima realidad de estos m\u00e1s de 15 a\u00f1os de conflicto, contarnos la historia de otra manera, y si hace falta, construir una nueva historia oficial que hable m\u00e1s de Grandes Pacificaciones \u2014o, dicho de otro modo, que vea el lado pacificador de cada transformaci\u00f3n.&nbsp;<\/p>\n\n\n\n<p>Esa, la de construir nuevos arreglos sociales para la pacificaci\u00f3n, es la tarea primordial de la sociedad mexicana para el futuro inmediato, sobre ella deber\u00edan volcarse los programas pol\u00edticos, la idea de futuro.&nbsp;<\/p>\n\n\n\n<p>La narrativa revolucionaria no parece tener un gran potencial para explicar c\u00f3mo la muerte ha cambiado al pa\u00eds de nuestros d\u00edas, c\u00f3mo le cambian el rostro todos los d\u00edas las desapariciones, las muertes por la pandemia, la orfandad derivada de eso, sumada a la falta de padre derivada de otras causas (15 por ciento de todos los registros de nacimiento solo incluyen a la madre).&nbsp;<\/p>\n\n\n\n<p>Nos enfrentamos a una gran mortandad que no es sacrificio ante altar alguno. Es violencia, muerte que ninguna mistificaci\u00f3n puede apropiarse, muerte sin m\u00e1s, estructuras sociales cada vez m\u00e1s rotas, alimentando sus roturas y escondi\u00e9ndose de ellas.&nbsp;<\/p>\n\n\n\n<p>*Doctor en ciencia pol\u00edtica por la UNAM.<\/p>\n\n\n\n<p>@gibranrr<\/p>\n","protected":false},"excerpt":{"rendered":"<p>Gibr\u00e1n Ram\u00edrez Reyes* En nuestra conversaci\u00f3n p\u00fablica, la historia que nos hemos contado se estructura&hellip;<\/p>\n","protected":false},"author":2,"featured_media":41734,"comment_status":"closed","ping_status":"open","sticky":false,"template":"","format":"standard","meta":{"_lmt_disableupdate":"","_lmt_disable":"","_jetpack_memberships_contains_paid_content":false,"footnotes":""},"categories":[456,109],"tags":[2489],"class_list":["post-41737","post","type-post","status-publish","format-standard","has-post-thumbnail","hentry","category-columna","category-minuto-a-minuto","tag-gibran-ramirez-reyes"],"jetpack_featured_media_url":"https:\/\/zonaroja.com.mx\/wp-content\/uploads\/2022\/05\/Opinion-Gibran-Ramirez-Reyes.jpg","jetpack_sharing_enabled":true,"_links":{"self":[{"href":"https:\/\/zonaroja.com.mx\/index.php?rest_route=\/wp\/v2\/posts\/41737","targetHints":{"allow":["GET"]}}],"collection":[{"href":"https:\/\/zonaroja.com.mx\/index.php?rest_route=\/wp\/v2\/posts"}],"about":[{"href":"https:\/\/zonaroja.com.mx\/index.php?rest_route=\/wp\/v2\/types\/post"}],"author":[{"embeddable":true,"href":"https:\/\/zonaroja.com.mx\/index.php?rest_route=\/wp\/v2\/users\/2"}],"replies":[{"embeddable":true,"href":"https:\/\/zonaroja.com.mx\/index.php?rest_route=%2Fwp%2Fv2%2Fcomments&post=41737"}],"version-history":[{"count":1,"href":"https:\/\/zonaroja.com.mx\/index.php?rest_route=\/wp\/v2\/posts\/41737\/revisions"}],"predecessor-version":[{"id":41738,"href":"https:\/\/zonaroja.com.mx\/index.php?rest_route=\/wp\/v2\/posts\/41737\/revisions\/41738"}],"wp:featuredmedia":[{"embeddable":true,"href":"https:\/\/zonaroja.com.mx\/index.php?rest_route=\/wp\/v2\/media\/41734"}],"wp:attachment":[{"href":"https:\/\/zonaroja.com.mx\/index.php?rest_route=%2Fwp%2Fv2%2Fmedia&parent=41737"}],"wp:term":[{"taxonomy":"category","embeddable":true,"href":"https:\/\/zonaroja.com.mx\/index.php?rest_route=%2Fwp%2Fv2%2Fcategories&post=41737"},{"taxonomy":"post_tag","embeddable":true,"href":"https:\/\/zonaroja.com.mx\/index.php?rest_route=%2Fwp%2Fv2%2Ftags&post=41737"}],"curies":[{"name":"wp","href":"https:\/\/api.w.org\/{rel}","templated":true}]}}