{"id":41744,"date":"2022-05-28T17:21:19","date_gmt":"2022-05-28T22:21:19","guid":{"rendered":"http:\/\/www.zonaroja.com.mx\/?p=41744"},"modified":"2022-05-28T17:22:19","modified_gmt":"2022-05-28T22:22:19","slug":"patricia-alcaraz-la-voz-de-chula-un-simbolo-para-la-comunidad-muxe-yuridiana-sosa-zona-roja","status":"publish","type":"post","link":"https:\/\/zonaroja.com.mx\/?p=41744","title":{"rendered":"Patricia Alcaraz, la voz de \u201cChula\u201d, un s\u00edmbolo para la comunidad muxe"},"content":{"rendered":"\n<p>Yuridiana Sosa\/Zona Roja.<\/p>\n\n\n\n<p>Oaxaca de Ju\u00e1rez, Oax., 28 de mayo de 2022.- La voz de la cantante oaxaque\u00f1a, de origen istme\u00f1o, Patricia Alcaraz, cruz\u00f3 fronteras para convertirse en la primera mujer latina en presentarse en el teatro \u201cRoulette\u201den Brooklyn, Nueva York, Estados Unidos, donde adem\u00e1s, dio a conocer el tema \u201cChula\u201d, un homenaje a la comunidad muxe de Oaxaca y LGBTTTQ+&nbsp; del mundo.<\/p>\n\n\n\n<p>La trayectoria de Alcaraz como cantante, desde hace aproximadamente una d\u00e9cada, tiene un momento importante este a\u00f1o con la interpretaci\u00f3n de esta canci\u00f3n escrita por el maestro m\u00fasico Nathanael Lorenzo Hern\u00e1ndez e inspirada en el proyecto cinematogr\u00e1fico \u201cFinlandia\u201d, del director Horacio Alcal\u00e1, lanzada en 2021 y que este a\u00f1o se proyectar\u00e1 en M\u00e9xico.<\/p>\n\n\n\n<p>Este s\u00e1bado, la cantante y el compositor ofrecieron una conferencia de prensa en la ciudad de Oaxaca para presentar este material en su versi\u00f3n istme\u00f1a, el cual apenas esta semana fue lanzado a las distintas plataformas digitales para ser escuchada.<\/p>\n\n\n\n<p>Sin embargo, fue el pasado 22 de mayo cuando por primera vez el tema \u201cChula, versi\u00f3n istme\u00f1a\u201d fue cantado de manera p\u00fablica por Patricia Alcar\u00e1z en el festival \u201cWelcome to little M\u00e9xico\u201d, en Nueva York, Estados Unidos.<\/p>\n\n\n\n<p>De forma inmediata el tema se convirti\u00f3 en un himno para la comunidad muxe del Istmo de Tehuantepec, Oaxaca, que en su letra resalta la frase: \u201cSoy el hijo que negaste, pero la hija m\u00e1s perfecta\u00bb.<\/p>\n\n\n\n<p>La cantante originaria de San Pedro Comitancillo, de la regi\u00f3n del Istmo, agradeci\u00f3 a Lorenzo Hern\u00e1ndez ser parte de este proyecto musical, en el que para su interpretaci\u00f3n trata de manifestar los sentimientos que los muxes acumulan en el proceso de su aceptaci\u00f3n y la libertad que sienten al verse reconocidos en s\u00ed y por la sociedad tras episodios de rechazos.&nbsp; Agreg\u00f3 que es una canci\u00f3n para reflexionar e inspirar.<\/p>\n\n\n\n<p>El dinero recaudado por las regal\u00edas de \u201cChula\u201d ser\u00e1n destinados al Instituto Intercultural Calm\u00e9cac, un espacio de intercambio cultural en Oaxaca y semillero de talentos locales.<\/p>\n\n\n\n<p>UNA REVELACI\u00d3N<\/p>\n\n\n\n<p>Escribir \u201cChula\u201d fue toda una experiencia de vida, relev\u00f3 Nathanael Lorenzo Hern\u00e1ndez, quien en la versi\u00f3n original y video oficial es la voz e imagen protag\u00f3nica de este tema que en s\u00ed encierra una historia.<\/p>\n\n\n\n<p>En sus redes sociales, Lorenzo Hern\u00e1ndez comparte que escribir \u201cChula\u201d signific\u00f3 \u201cromper con el \u00faltimo caparaz\u00f3n de mis miedos, romp\u00ed espiritualmente con el Nathanael de incontinencia verbal, con el Nathanael que ten\u00eda miedo de cantar y acabar de confirmar p\u00fablicamente qui\u00e9n soy sexualmente&#8230;decid\u00ed plasmar en el papel ese grito comprimido que ten\u00eda en el pecho y decir, s\u00ed as\u00ed soy y as\u00ed me quiero y as\u00ed&nbsp; quiero a todos los hombres prietos y de ojos caf\u00e9s y obscuros\u201d.<\/p>\n\n\n\n<p>La pel\u00edcula -con un toque documental- \u201cFinlandia\u201d, se present\u00f3 en Florida, Seattle, Los Angeles, Minnesota, Espa\u00f1a, Francia, Holanda, Italia, Taiw\u00e1n, pero que por el tema \u201cChula\u201d fue nominada a los Premios Goya en Espa\u00f1a por Mejor Canci\u00f3n Original.<\/p>\n\n\n\n<p>Agreg\u00f3 que \u201ces una canci\u00f3n para el cine, una canci\u00f3n para la comunidad muxe que ha brindado un aporte importante a nuestra cultura, no solo en el Istmo de Tehuantepec, sino a la cultura oaxaque\u00f1a en general\u201d.<\/p>\n\n\n\n<p>DE OAXACA PARA EL MUNDO<\/p>\n\n\n\n<p>La cantante oaxaque\u00f1a estuvo presente en Nueva York para ser parte del evento \u201cWelcome to little M\u00e9xico\u201d, a trav\u00e9s del cual se presenta a nuestro pa\u00eds desde lo cultural, gastron\u00f3mico, m\u00fasica y arte.<\/p>\n\n\n\n<p>La intenci\u00f3n es acercar a los mexicanos radicados en Estados Unidos, un pedacito de M\u00e9xico, y a los extranjeros y nativos de la Uni\u00f3n Americana mostrar lo m\u00e1s hermoso de nuestro pa\u00eds.<\/p>\n\n\n\n<p>As\u00ed lo hizo Patricia junto a su ballet folcl\u00f3rico y banda.<\/p>\n\n\n\n<p>Patricia Alcaraz es maestra de profesi\u00f3n, que por varios a\u00f1os ejerci\u00f3 en las escuelas primarias rurales.<\/p>\n\n\n\n<p>Tambi\u00e9n es integrante de colectivos en defensa de los derechos de las mujeres y de la lucha contra la violencia de g\u00e9nero.<\/p>\n\n\n\n<p>En su trayectoria art\u00edstica cuenta con su participaci\u00f3n en el coro t\u00edpico de la escuela Normal del estado de Tabasco, y fue hace aproximadamente una d\u00e9cada que se dedic\u00f3 en cuerpo y alma a cantar.<\/p>\n\n\n\n<p>En 2013 lanz\u00f3 el disco \u201cPeregrina\u201d, le siguieron \u201cXhand\u00fa\u201d \u201cAl Son de mi coraz\u00f3n\u201d, entre otros, y en 2021 lanz\u00f3 su material \u201cTributo al Tr\u00edo Xavizende\u201d.<\/p>\n","protected":false},"excerpt":{"rendered":"<p>Yuridiana Sosa\/Zona Roja. Oaxaca de Ju\u00e1rez, Oax., 28 de mayo de 2022.- La voz de&hellip;<\/p>\n","protected":false},"author":2,"featured_media":41736,"comment_status":"closed","ping_status":"open","sticky":false,"template":"","format":"standard","meta":{"_lmt_disableupdate":"","_lmt_disable":"","_jetpack_memberships_contains_paid_content":false,"footnotes":""},"categories":[109,46],"tags":[3152],"class_list":["post-41744","post","type-post","status-publish","format-standard","has-post-thumbnail","hentry","category-minuto-a-minuto","category-zona-blanca","tag-patricia-alcaraz"],"jetpack_featured_media_url":"https:\/\/zonaroja.com.mx\/wp-content\/uploads\/2022\/05\/Patricia-Alcaraz.jpg","jetpack_sharing_enabled":true,"_links":{"self":[{"href":"https:\/\/zonaroja.com.mx\/index.php?rest_route=\/wp\/v2\/posts\/41744","targetHints":{"allow":["GET"]}}],"collection":[{"href":"https:\/\/zonaroja.com.mx\/index.php?rest_route=\/wp\/v2\/posts"}],"about":[{"href":"https:\/\/zonaroja.com.mx\/index.php?rest_route=\/wp\/v2\/types\/post"}],"author":[{"embeddable":true,"href":"https:\/\/zonaroja.com.mx\/index.php?rest_route=\/wp\/v2\/users\/2"}],"replies":[{"embeddable":true,"href":"https:\/\/zonaroja.com.mx\/index.php?rest_route=%2Fwp%2Fv2%2Fcomments&post=41744"}],"version-history":[{"count":2,"href":"https:\/\/zonaroja.com.mx\/index.php?rest_route=\/wp\/v2\/posts\/41744\/revisions"}],"predecessor-version":[{"id":41746,"href":"https:\/\/zonaroja.com.mx\/index.php?rest_route=\/wp\/v2\/posts\/41744\/revisions\/41746"}],"wp:featuredmedia":[{"embeddable":true,"href":"https:\/\/zonaroja.com.mx\/index.php?rest_route=\/wp\/v2\/media\/41736"}],"wp:attachment":[{"href":"https:\/\/zonaroja.com.mx\/index.php?rest_route=%2Fwp%2Fv2%2Fmedia&parent=41744"}],"wp:term":[{"taxonomy":"category","embeddable":true,"href":"https:\/\/zonaroja.com.mx\/index.php?rest_route=%2Fwp%2Fv2%2Fcategories&post=41744"},{"taxonomy":"post_tag","embeddable":true,"href":"https:\/\/zonaroja.com.mx\/index.php?rest_route=%2Fwp%2Fv2%2Ftags&post=41744"}],"curies":[{"name":"wp","href":"https:\/\/api.w.org\/{rel}","templated":true}]}}