{"id":4175,"date":"2019-09-22T07:07:32","date_gmt":"2019-09-22T12:07:32","guid":{"rendered":"http:\/\/www.zonaroja.com.mx\/?p=4175"},"modified":"2019-09-22T07:07:35","modified_gmt":"2019-09-22T12:07:35","slug":"se-refugiaba-en-oaxaca-implicada-en-homicidio-de-estudiante-de-cdmx","status":"publish","type":"post","link":"https:\/\/zonaroja.com.mx\/?p=4175","title":{"rendered":"Se refugiaba en Oaxaca implicada en homicidio de estudiante de Cdmx"},"content":{"rendered":"\n<p>Redacci\u00f3n\/Zona\nroja Cdmx.<\/p>\n\n\n\n<p>Ciudad de\nM\u00e9xico, 22 de septiembre de 2019.- En la comunidad de Santa Rosa de Lima, del\nmunicipio de Villa de Tututepec, fue localizada y detenida ayer Elvia N., &nbsp;alias \u00abLa Bruja\u00bb, implicada en el\nasesinato del estudiante Norberto Ronquillo, en la capital del pa\u00eds, ocurrido\nel pasado 4 de junio.<\/p>\n\n\n\n<p>Este s\u00e1bado,\npersonal de la Polic\u00eda de Investigaci\u00f3n de la Procuradur\u00eda de Justicia de la\nCiudad de M\u00e9xico dio cumplimiento a un orden de aprehensi\u00f3n en su contra por el\ndelito de secuestro agravado <\/p>\n\n\n\n<p>De acuerdo\ncon la instituci\u00f3n, derivado de investigaciones de gabinete y de campo, agentes\ninvestigadores ubicaron a la imputada en dicha localidad de la regi\u00f3n de la\nCosta. <\/p>\n\n\n\n<p>Elvia N.\npresuntamente particip\u00f3 en la intercepci\u00f3n de la v\u00edctima y prest\u00f3 su domicilio\nen la alcald\u00eda Xochimilco como casa de seguridad para que hasta all\u00e1 fuera\ntrasladado el estudiante originario de Chihuahua.<\/p>\n\n\n\n<p>Asimismo, orden\u00f3\na otro de sus c\u00f3mplices que le inyectaran Ketamina, un anest\u00e9sico para que el secuestrado,\nNorberto Ronquillo, se mantuviera inconsciente. <\/p>\n\n\n\n<p>De acuerdo\ncon la Procuradur\u00eda General de Justicia de la capital del pa\u00eds, la mujer fue trasladada\nal reclusorio de Santa Martha Acatitla, donde se definir\u00e1 su situaci\u00f3n legal. <\/p>\n\n\n\n<p>Inform\u00f3 que\ncon la detenci\u00f3n de esta persona, suman cinco imputados detenidos por el\nsecuestro y homicidio de Norberto Ronquillo, ocurrido el pasado 4 de junio en\nla Ciudad de M\u00e9xico.<\/p>\n","protected":false},"excerpt":{"rendered":"<p>Redacci\u00f3n\/Zona roja Cdmx. Ciudad de M\u00e9xico, 22 de septiembre de 2019.- En la comunidad de&hellip;<\/p>\n","protected":false},"author":2,"featured_media":4176,"comment_status":"closed","ping_status":"open","sticky":false,"template":"","format":"standard","meta":{"_lmt_disableupdate":"","_lmt_disable":"","_jetpack_memberships_contains_paid_content":false,"footnotes":""},"categories":[109,51],"tags":[747,746],"class_list":["post-4175","post","type-post","status-publish","format-standard","has-post-thumbnail","hentry","category-minuto-a-minuto","category-zona-roja","tag-elvia-n","tag-norberto-ronquillo"],"jetpack_featured_media_url":"https:\/\/zonaroja.com.mx\/wp-content\/uploads\/2019\/09\/IMG_0243.jpg","jetpack_sharing_enabled":true,"_links":{"self":[{"href":"https:\/\/zonaroja.com.mx\/index.php?rest_route=\/wp\/v2\/posts\/4175","targetHints":{"allow":["GET"]}}],"collection":[{"href":"https:\/\/zonaroja.com.mx\/index.php?rest_route=\/wp\/v2\/posts"}],"about":[{"href":"https:\/\/zonaroja.com.mx\/index.php?rest_route=\/wp\/v2\/types\/post"}],"author":[{"embeddable":true,"href":"https:\/\/zonaroja.com.mx\/index.php?rest_route=\/wp\/v2\/users\/2"}],"replies":[{"embeddable":true,"href":"https:\/\/zonaroja.com.mx\/index.php?rest_route=%2Fwp%2Fv2%2Fcomments&post=4175"}],"version-history":[{"count":1,"href":"https:\/\/zonaroja.com.mx\/index.php?rest_route=\/wp\/v2\/posts\/4175\/revisions"}],"predecessor-version":[{"id":4177,"href":"https:\/\/zonaroja.com.mx\/index.php?rest_route=\/wp\/v2\/posts\/4175\/revisions\/4177"}],"wp:featuredmedia":[{"embeddable":true,"href":"https:\/\/zonaroja.com.mx\/index.php?rest_route=\/wp\/v2\/media\/4176"}],"wp:attachment":[{"href":"https:\/\/zonaroja.com.mx\/index.php?rest_route=%2Fwp%2Fv2%2Fmedia&parent=4175"}],"wp:term":[{"taxonomy":"category","embeddable":true,"href":"https:\/\/zonaroja.com.mx\/index.php?rest_route=%2Fwp%2Fv2%2Fcategories&post=4175"},{"taxonomy":"post_tag","embeddable":true,"href":"https:\/\/zonaroja.com.mx\/index.php?rest_route=%2Fwp%2Fv2%2Ftags&post=4175"}],"curies":[{"name":"wp","href":"https:\/\/api.w.org\/{rel}","templated":true}]}}