{"id":41751,"date":"2022-05-28T21:51:50","date_gmt":"2022-05-29T02:51:50","guid":{"rendered":"https:\/\/www.zonaroja.com.mx\/?p=41751"},"modified":"2022-05-28T21:57:17","modified_gmt":"2022-05-29T02:57:17","slug":"votar-por-salomon-jara-es-votar-por-el-desarrollo-integral-del-istmo-de-tehuantepec","status":"publish","type":"post","link":"https:\/\/zonaroja.com.mx\/?p=41751","title":{"rendered":"Votar por Salom\u00f3n Jara es votar por el desarrollo integral del Istmo de Tehuantepec"},"content":{"rendered":"\n<p>Redacci\u00f3n\/Zona Roja.&nbsp;<\/p>\n\n\n\n<p>Oaxaca de Ju\u00e1rez, Oax., 28 de mayo de 2022.- El candidato a la gubernatura por la coalici\u00f3n \u00abJuntos Hacemos Historia en Oaxaca\u00bb, Salom\u00f3n Jara Cruz, propuso un pacto entre su gobierno y el pueblo para lograr beneficios integrales de lo que ser\u00e1 uno de los polos de desarrollo m\u00e1s importantes del pa\u00eds.<\/p>\n\n\n\n<p>Durante su gira de proselitismo en los municipios de Salina Cruz y Santo Domingo Tehuantepec, el candidato de la esperanza asegur\u00f3 que cada voto a favor de Morena-PT-PVEM-PUP el domingo 5 de junio, es un voto por que la regi\u00f3n tenga un gobierno que despliegue todas las pol\u00edticas necesarias a favor del Istmo.<\/p>\n\n\n\n<p>\u00abEste polo de desarrollo que tiene la mirada de la federaci\u00f3n, tambi\u00e9n tendr\u00e1 toda la atenci\u00f3n del gobierno del Estado, de la Cuarta Transformaci\u00f3n, para que el crecimiento sea integral y beneficie en su totalidad a las familias oaxaque\u00f1as.&nbsp;<\/p>\n\n\n\n<p>Asegur\u00f3 que combatir el rezago y la marginaci\u00f3n, ahora ser\u00e1 m\u00e1s f\u00e1cil porque, con el aval de la ciudadan\u00eda, &nbsp;ya no habr\u00e1 &nbsp;corrupci\u00f3n, ahora estar\u00e1 al frente &nbsp;un gobierno conformado por el pueblo y que act\u00fae conforme a la voluntad de este.&nbsp;<\/p>\n\n\n\n<p>\u00abEsta administraci\u00f3n estar\u00e1 conformada por gente del pueblo, por mujeres y hombres que conozcan Oaxaca, que sienten amor por su Estado y que se preocupen por resolver sus problem\u00e1ticas\u00bb, afirm\u00f3.&nbsp;<\/p>\n\n\n\n<p>Jara Cruz asegur\u00f3 que atender\u00e1n todas las demandas sociales para buscar, junto con las comunidades, la soluci\u00f3n m\u00e1s apropiada para cada demanda, garantizando as\u00ed que el Istmo de Tehuantepec sea prospero, estable y atractivo para el exterior.<\/p>\n","protected":false},"excerpt":{"rendered":"<p>Redacci\u00f3n\/Zona Roja.&nbsp; Oaxaca de Ju\u00e1rez, Oax., 28 de mayo de 2022.- El candidato a la&hellip;<\/p>\n","protected":false},"author":2,"featured_media":41750,"comment_status":"closed","ping_status":"open","sticky":false,"template":"","format":"standard","meta":{"_lmt_disableupdate":"","_lmt_disable":"","_jetpack_memberships_contains_paid_content":false,"footnotes":""},"categories":[109,46],"tags":[],"class_list":["post-41751","post","type-post","status-publish","format-standard","has-post-thumbnail","hentry","category-minuto-a-minuto","category-zona-blanca"],"jetpack_featured_media_url":"https:\/\/zonaroja.com.mx\/wp-content\/uploads\/2022\/05\/58a8068f-1aa6-45bb-accc-f38b30802b7d.jpg","jetpack_sharing_enabled":true,"_links":{"self":[{"href":"https:\/\/zonaroja.com.mx\/index.php?rest_route=\/wp\/v2\/posts\/41751","targetHints":{"allow":["GET"]}}],"collection":[{"href":"https:\/\/zonaroja.com.mx\/index.php?rest_route=\/wp\/v2\/posts"}],"about":[{"href":"https:\/\/zonaroja.com.mx\/index.php?rest_route=\/wp\/v2\/types\/post"}],"author":[{"embeddable":true,"href":"https:\/\/zonaroja.com.mx\/index.php?rest_route=\/wp\/v2\/users\/2"}],"replies":[{"embeddable":true,"href":"https:\/\/zonaroja.com.mx\/index.php?rest_route=%2Fwp%2Fv2%2Fcomments&post=41751"}],"version-history":[{"count":1,"href":"https:\/\/zonaroja.com.mx\/index.php?rest_route=\/wp\/v2\/posts\/41751\/revisions"}],"predecessor-version":[{"id":41752,"href":"https:\/\/zonaroja.com.mx\/index.php?rest_route=\/wp\/v2\/posts\/41751\/revisions\/41752"}],"wp:featuredmedia":[{"embeddable":true,"href":"https:\/\/zonaroja.com.mx\/index.php?rest_route=\/wp\/v2\/media\/41750"}],"wp:attachment":[{"href":"https:\/\/zonaroja.com.mx\/index.php?rest_route=%2Fwp%2Fv2%2Fmedia&parent=41751"}],"wp:term":[{"taxonomy":"category","embeddable":true,"href":"https:\/\/zonaroja.com.mx\/index.php?rest_route=%2Fwp%2Fv2%2Fcategories&post=41751"},{"taxonomy":"post_tag","embeddable":true,"href":"https:\/\/zonaroja.com.mx\/index.php?rest_route=%2Fwp%2Fv2%2Ftags&post=41751"}],"curies":[{"name":"wp","href":"https:\/\/api.w.org\/{rel}","templated":true}]}}