{"id":41753,"date":"2022-05-29T06:51:57","date_gmt":"2022-05-29T11:51:57","guid":{"rendered":"http:\/\/www.zonaroja.com.mx\/?p=41753"},"modified":"2022-05-29T06:51:58","modified_gmt":"2022-05-29T11:51:58","slug":"que-nadie-emigre-de-su-tierra-para-buscar-oportunidades-aviles","status":"publish","type":"post","link":"https:\/\/zonaroja.com.mx\/?p=41753","title":{"rendered":"Que nadie emigre de su tierra para buscar oportunidades: Avil\u00e9s"},"content":{"rendered":"\n<p>Redacci\u00f3n\/Zona Roja.<\/p>\n\n\n\n<p>Oaxaca de Ju\u00e1rez, Oax., a 29 de mayo de 2022. Durante su precierre de campa\u00f1a en la localidad coste\u00f1a de San Gabriel Mixtepec, el candidato com\u00fan del PRI-PRD, Alejandro Avil\u00e9s \u00c1lvarez, reiter\u00f3 que como gobernador de Oaxaca, ser\u00e1 un luchador incansable de los pueblos y comunidades ind\u00edgenas, los cuales, tendr\u00e1n una atenci\u00f3n digna durante su sexenio y nunca m\u00e1s ser\u00e1n excluidos.&nbsp;<\/p>\n\n\n\n<p>\u201cMi lucha es contra la pobreza y la marginaci\u00f3n, contra la falta de oportunidades; pelear\u00e9 por los derechos de las ni\u00f1as y ni\u00f1os, por los adultos mayores, por las personas con capacidades diferentes y las mujeres\u201d, asever\u00f3 en su mensaje a la militancia priista.&nbsp;<\/p>\n\n\n\n<p>Acompa\u00f1ado por simpatizantes y organizaciones sociales de la regi\u00f3n, el \u201cTriple A\u201d sostuvo que su gobierno atender\u00e1 a todos los sectores sociales de manera igualitaria, con el compromiso de generar condiciones y oportunidades para que nadie tenga que emigrar o dejar su tierra para salir adelante.\u00a0<\/p>\n\n\n\n<figure class=\"wp-block-embed is-type-rich is-provider-twitter wp-block-embed-twitter\"><div class=\"wp-block-embed__wrapper\">\n<div class=\"twitter-tweet\"><blockquote class=\"twitter-tweet\" data-lang=\"es\"><p lang=\"es\" dir=\"ltr\">\u201cComo oaxaque\u00f1as y oaxaque\u00f1os tenemos un compromiso: construir el mejor Oaxaca de todos los tiempos. Lo vamos a lograr con nuestro voto, trabajo duro y con propuestas s\u00f3lidas, como las que tenemos\u201d: <a href=\"https:\/\/twitter.com\/_AvilesAlvarez?ref_src=twsrc%5Etfw\">@_AvilesAlvarez<\/a> desde la Costa, <a href=\"https:\/\/twitter.com\/hashtag\/AlTriplePorOaxaca?src=hash&amp;ref_src=twsrc%5Etfw\">#AlTriplePorOaxaca<\/a>. <a href=\"https:\/\/t.co\/1n3CyTfWkL\">pic.twitter.com\/1n3CyTfWkL<\/a><\/p>&mdash; Zona Roja Oaxaca (@ZonaRoja_Oaxaca) <a href=\"https:\/\/twitter.com\/ZonaRoja_Oaxaca\/status\/1530719452077113346?ref_src=twsrc%5Etfw\">29 de mayo de 2022<\/a><\/blockquote><\/div>\n<\/div><\/figure>\n\n\n\n<p>\u201cMi compromiso es con los j\u00f3venes, con la salud, con las jefas de familia, las madres trabajadoras, la educaci\u00f3n y el progreso de Oaxaca. Cada una de las propuestas que estoy asumiendo en las ocho regiones son reales; y todas las voy a cumplir porque soy un hombre de palabra\u201d, resalt\u00f3.&nbsp;<\/p>\n\n\n\n<p>Posteriormente, en el municipio de Santos Reyes Nopala, el candidato tricolor inform\u00f3 que las mujeres y adultos mayores ser\u00e1n beneficiados con el programa \u201cM\u00e9dico en tu Casa\u201d, con la aplicaci\u00f3n de estudios gratuitos de detecci\u00f3n de c\u00e1ncer de mama, servicios ginecol\u00f3gicos, medicina preventiva y atenci\u00f3n dental, hasta la puerta de sus hogares.&nbsp;<\/p>\n\n\n\n<p>En tanto, las jefas de familia que no cuenten con un empleo, recibir\u00e1n un apoyo de 3 mil pesos por 3 meses; mientras que las madres trabajadoras obtendr\u00e1n becas para sus hijos, adem\u00e1s del acceso a ferias de empleo para incorporarse al mercado laboral o a un negocio propio.&nbsp;<\/p>\n\n\n\n<p>\u00abSoy un luchador de los pueblos, soy un hombre del pueblo que vengo desde abajo; soy un hombre humilde y para m\u00ed lo m\u00e1s valioso que tiene el ser humano es la palabra y no les voy a fallar\u00bb, finaliz\u00f3.<\/p>\n","protected":false},"excerpt":{"rendered":"<p>Redacci\u00f3n\/Zona Roja. Oaxaca de Ju\u00e1rez, Oax., a 29 de mayo de 2022. Durante su precierre&hellip;<\/p>\n","protected":false},"author":2,"featured_media":41754,"comment_status":"closed","ping_status":"open","sticky":false,"template":"","format":"standard","meta":{"_lmt_disableupdate":"","_lmt_disable":"","_jetpack_memberships_contains_paid_content":false,"footnotes":""},"categories":[109,46],"tags":[316],"class_list":["post-41753","post","type-post","status-publish","format-standard","has-post-thumbnail","hentry","category-minuto-a-minuto","category-zona-blanca","tag-alejandro-aviles-alvarez"],"jetpack_featured_media_url":"https:\/\/zonaroja.com.mx\/wp-content\/uploads\/2022\/05\/Alejandro-Aviles-Costa.jpeg","jetpack_sharing_enabled":true,"_links":{"self":[{"href":"https:\/\/zonaroja.com.mx\/index.php?rest_route=\/wp\/v2\/posts\/41753","targetHints":{"allow":["GET"]}}],"collection":[{"href":"https:\/\/zonaroja.com.mx\/index.php?rest_route=\/wp\/v2\/posts"}],"about":[{"href":"https:\/\/zonaroja.com.mx\/index.php?rest_route=\/wp\/v2\/types\/post"}],"author":[{"embeddable":true,"href":"https:\/\/zonaroja.com.mx\/index.php?rest_route=\/wp\/v2\/users\/2"}],"replies":[{"embeddable":true,"href":"https:\/\/zonaroja.com.mx\/index.php?rest_route=%2Fwp%2Fv2%2Fcomments&post=41753"}],"version-history":[{"count":1,"href":"https:\/\/zonaroja.com.mx\/index.php?rest_route=\/wp\/v2\/posts\/41753\/revisions"}],"predecessor-version":[{"id":41755,"href":"https:\/\/zonaroja.com.mx\/index.php?rest_route=\/wp\/v2\/posts\/41753\/revisions\/41755"}],"wp:featuredmedia":[{"embeddable":true,"href":"https:\/\/zonaroja.com.mx\/index.php?rest_route=\/wp\/v2\/media\/41754"}],"wp:attachment":[{"href":"https:\/\/zonaroja.com.mx\/index.php?rest_route=%2Fwp%2Fv2%2Fmedia&parent=41753"}],"wp:term":[{"taxonomy":"category","embeddable":true,"href":"https:\/\/zonaroja.com.mx\/index.php?rest_route=%2Fwp%2Fv2%2Fcategories&post=41753"},{"taxonomy":"post_tag","embeddable":true,"href":"https:\/\/zonaroja.com.mx\/index.php?rest_route=%2Fwp%2Fv2%2Ftags&post=41753"}],"curies":[{"name":"wp","href":"https:\/\/api.w.org\/{rel}","templated":true}]}}