{"id":41756,"date":"2022-05-29T09:59:00","date_gmt":"2022-05-29T14:59:00","guid":{"rendered":"http:\/\/www.zonaroja.com.mx\/?p=41756"},"modified":"2022-05-29T07:00:16","modified_gmt":"2022-05-29T12:00:16","slug":"convoca-el-multi-a-retomar-dialogo-para-retorno-a-oaxaca","status":"publish","type":"post","link":"https:\/\/zonaroja.com.mx\/?p=41756","title":{"rendered":"Convoca el MULTI a retomar di\u00e1logo para retorno a Oaxaca"},"content":{"rendered":"\n<p>Redacci\u00f3n\/Zona Roja Cdmx.<\/p>\n\n\n\n<p>Ciudad de M\u00e9xico, 29 de mayo de 2022.- El Movimiento de Unificaci\u00f3n y Lucha Triqui-Independiente (MUTI) convoc\u00f3 al gobierno de M\u00e9xico a reanudar el pr\u00f3ximo lunes las mesas de negociaci\u00f3n para el retorno a sus hogares de m\u00e1s de 140 familias ind\u00edgenas que permanecen desplazadas de la comunidad de Tierra Blanca Copala, Oaxaca, desde hace m\u00e1s de 15 meses, luego de que el regreso programado para el 15 de mayo pasado se cancelara por motivos de seguridad.<\/p>\n\n\n\n<p>En un pronunciamiento dirigido a los tres niveles de gobierno, la organizaci\u00f3n lament\u00f3 que hace dos semanas \u201cse neg\u00f3 la posibilidad de caminar en un proceso que tiene la encomienda de lograr la paz justa y verdadera\u201d, lo que deja \u201cnuevamente en la indefensi\u00f3n a 143 familias desplazadas de su comunidad que han sufrido diferentes vejaciones, tratos racistas y discriminaci\u00f3n\u201d.<\/p>\n\n\n\n<p>Como se inform\u00f3 en este diario (\u201cLa Jornada\u201d), el retorno de las familias desplazadas a su lugar de origen \u2013programado para el 15 de mayo pasado\u2014se cancel\u00f3 luego que el jueves 12 de este mismo mes ocurriera el asesinato de Luciano P\u00e9rez Mart\u00ednez, uno de los l\u00edderes del Movimiento de Unificaci\u00f3n y Lucha Triqui (MULT), al que el MULTI identifica como un \u201cgrupo paramilitar\u201d responsable de invadir Tierra Blanca Copala el 26 de diciembre de 2020.<\/p>\n\n\n\n<p>Desde la cancelaci\u00f3n del retorno de los desplazados, \u201chemos insistido en innumerables ocasiones en la reinstalaci\u00f3n de las mesas de trabajo necesarias para continuar con el proceso pausado de construcci\u00f3n de paz. Sin embargo, esto no se ha materializado (porque) el Estado mexicano no ha tenido la voluntad suficiente para convocar nuevamente\u201d a los di\u00e1logos sobre el tema, denunci\u00f3 el MULTI.<\/p>\n\n\n\n<p>En su pronunciamiento, el colectivo hizo \u00e9nfasis en que las 143 familias triquis desplazadas deben estar de regreso en sus casas antes de las elecciones para gobernador de este 5 de junio, \u201cpara que puedan ejercer su libre derecho al voto\u201d.<\/p>\n\n\n\n<p>Luego de subrayar que la negociaci\u00f3n es la \u00fanica v\u00eda pac\u00edfica para resolver las diferencias, el MULTI convoc\u00f3 al gobernador de Oaxaca, Alejandro Murat; el secretario de Gobernaci\u00f3n, Ad\u00e1n Augusto L\u00f3pez, y el subsecretario de Derechos Humanos de esa dependencia, Alejandro Encinas, a que \u201cse reinstalen las mesas de di\u00e1logo y demostremos que hay voluntad para transitar hacia una nueva etapa en la vida colectiva de nuestra naci\u00f3n triqui\u201d.<\/p>\n\n\n\n<p>En ese sentido, le exigieron al Estado mexicano que \u201cconvoque y opere la reinstalaci\u00f3n inmediata de las mesas de trabajo, a m\u00e1s tardar el 30 de mayo de 2022\u201d y que se incorpore una representaci\u00f3n de la Presidencia de la Rep\u00fablica en las citadas mesas y en la comisi\u00f3n interinstitucional mixta que analiza el caso.<\/p>\n\n\n\n<p>\u201cEntendemos que existen diversos argumentos para que no se reinstale la mesa de di\u00e1logo. Excusas sobran, dejando en segundo plano el objetivo de cumplir a cabalidad la palabra que se ha empe\u00f1ado.<\/p>\n\n\n\n<p>\u201c[\u2026] Si persiste la inacci\u00f3n de las autoridades, haremos uso de nuestro derecho a buscar a buscar por todos los medios esta ruta que lograr\u00e1 el sue\u00f1o que es la paz, incluyendo el manifestarnos pac\u00edficamente en distintas geograf\u00edas de nuestro pa\u00eds, como la ciudad de Oaxaca y la Ciudad de M\u00e9xico\u201d, se\u0441al\u0443 el MULTI.<\/p>\n\n\n\n<p>(Informaci\u00f3n de \u00abLa Jornada\u00bb)<\/p>\n","protected":false},"excerpt":{"rendered":"<p>Redacci\u00f3n\/Zona Roja Cdmx. Ciudad de M\u00e9xico, 29 de mayo de 2022.- El Movimiento de Unificaci\u00f3n&hellip;<\/p>\n","protected":false},"author":2,"featured_media":22595,"comment_status":"closed","ping_status":"open","sticky":false,"template":"","format":"standard","meta":{"_lmt_disableupdate":"","_lmt_disable":"","_jetpack_memberships_contains_paid_content":false,"footnotes":""},"categories":[109,47],"tags":[1712],"class_list":["post-41756","post","type-post","status-publish","format-standard","has-post-thumbnail","hentry","category-minuto-a-minuto","category-zona-gris","tag-tierra-blanca-copala"],"jetpack_featured_media_url":"https:\/\/zonaroja.com.mx\/wp-content\/uploads\/2021\/01\/Tierra-Blanca-Copala.jpg","jetpack_sharing_enabled":true,"_links":{"self":[{"href":"https:\/\/zonaroja.com.mx\/index.php?rest_route=\/wp\/v2\/posts\/41756","targetHints":{"allow":["GET"]}}],"collection":[{"href":"https:\/\/zonaroja.com.mx\/index.php?rest_route=\/wp\/v2\/posts"}],"about":[{"href":"https:\/\/zonaroja.com.mx\/index.php?rest_route=\/wp\/v2\/types\/post"}],"author":[{"embeddable":true,"href":"https:\/\/zonaroja.com.mx\/index.php?rest_route=\/wp\/v2\/users\/2"}],"replies":[{"embeddable":true,"href":"https:\/\/zonaroja.com.mx\/index.php?rest_route=%2Fwp%2Fv2%2Fcomments&post=41756"}],"version-history":[{"count":1,"href":"https:\/\/zonaroja.com.mx\/index.php?rest_route=\/wp\/v2\/posts\/41756\/revisions"}],"predecessor-version":[{"id":41757,"href":"https:\/\/zonaroja.com.mx\/index.php?rest_route=\/wp\/v2\/posts\/41756\/revisions\/41757"}],"wp:featuredmedia":[{"embeddable":true,"href":"https:\/\/zonaroja.com.mx\/index.php?rest_route=\/wp\/v2\/media\/22595"}],"wp:attachment":[{"href":"https:\/\/zonaroja.com.mx\/index.php?rest_route=%2Fwp%2Fv2%2Fmedia&parent=41756"}],"wp:term":[{"taxonomy":"category","embeddable":true,"href":"https:\/\/zonaroja.com.mx\/index.php?rest_route=%2Fwp%2Fv2%2Fcategories&post=41756"},{"taxonomy":"post_tag","embeddable":true,"href":"https:\/\/zonaroja.com.mx\/index.php?rest_route=%2Fwp%2Fv2%2Ftags&post=41756"}],"curies":[{"name":"wp","href":"https:\/\/api.w.org\/{rel}","templated":true}]}}