{"id":41764,"date":"2022-05-29T07:36:38","date_gmt":"2022-05-29T12:36:38","guid":{"rendered":"http:\/\/www.zonaroja.com.mx\/?p=41764"},"modified":"2022-05-29T07:36:39","modified_gmt":"2022-05-29T12:36:39","slug":"matan-a-individuo-en-pochutla-otro-crimen-en-zaachila","status":"publish","type":"post","link":"https:\/\/zonaroja.com.mx\/?p=41764","title":{"rendered":"Matan a individuo en Pochutla; otro crimen en Zaachila"},"content":{"rendered":"\n<p>Redacci\u00f3n\/Zona Roja.<\/p>\n\n\n\n<p>Oaxaca de Ju\u00e1rez, Oax., 29 de mayo de 2022.- En las \u00faltimas 12 horas, dos personas fueron asesinadas a balazos en las regiones Costa y Valles Centrales de Oaxaca.<\/p>\n\n\n\n<p>En los primeros minutos de este domingo, un individuo fue ultimado a balazos en el interior de un hotel de San Pedro Pochutla.<\/p>\n\n\n\n<p>La v\u00edctima fue identificada como Alberto Hern\u00e1ndez Ibarra y no hay personas detenidas.<\/p>\n\n\n\n<p>Mientras que ayer por la tarde en la Villa de Zaachila y presuntamente por resistirse a un asalto, una persona fue asesinada por disparos de arma de fuego en la cabeza.<\/p>\n\n\n\n<p>El hecho violento sucedi\u00f3 en el fraccionamiento Valle Dorado, en que la v\u00edctima transitaba en su bicicleta y al resistirse a un asalto, fue ultimado; hasta el momento no hab\u00eda sido identificado de manera formal.<\/p>\n","protected":false},"excerpt":{"rendered":"<p>Redacci\u00f3n\/Zona Roja. Oaxaca de Ju\u00e1rez, Oax., 29 de mayo de 2022.- En las \u00faltimas 12&hellip;<\/p>\n","protected":false},"author":2,"featured_media":7486,"comment_status":"closed","ping_status":"open","sticky":false,"template":"","format":"standard","meta":{"_lmt_disableupdate":"","_lmt_disable":"","_jetpack_memberships_contains_paid_content":false,"footnotes":""},"categories":[109,51],"tags":[151],"class_list":["post-41764","post","type-post","status-publish","format-standard","has-post-thumbnail","hentry","category-minuto-a-minuto","category-zona-roja","tag-san-pedro-pochutla"],"jetpack_featured_media_url":"https:\/\/zonaroja.com.mx\/wp-content\/uploads\/2020\/01\/Escena-del-crimen7.jpg","jetpack_sharing_enabled":true,"_links":{"self":[{"href":"https:\/\/zonaroja.com.mx\/index.php?rest_route=\/wp\/v2\/posts\/41764","targetHints":{"allow":["GET"]}}],"collection":[{"href":"https:\/\/zonaroja.com.mx\/index.php?rest_route=\/wp\/v2\/posts"}],"about":[{"href":"https:\/\/zonaroja.com.mx\/index.php?rest_route=\/wp\/v2\/types\/post"}],"author":[{"embeddable":true,"href":"https:\/\/zonaroja.com.mx\/index.php?rest_route=\/wp\/v2\/users\/2"}],"replies":[{"embeddable":true,"href":"https:\/\/zonaroja.com.mx\/index.php?rest_route=%2Fwp%2Fv2%2Fcomments&post=41764"}],"version-history":[{"count":1,"href":"https:\/\/zonaroja.com.mx\/index.php?rest_route=\/wp\/v2\/posts\/41764\/revisions"}],"predecessor-version":[{"id":41765,"href":"https:\/\/zonaroja.com.mx\/index.php?rest_route=\/wp\/v2\/posts\/41764\/revisions\/41765"}],"wp:featuredmedia":[{"embeddable":true,"href":"https:\/\/zonaroja.com.mx\/index.php?rest_route=\/wp\/v2\/media\/7486"}],"wp:attachment":[{"href":"https:\/\/zonaroja.com.mx\/index.php?rest_route=%2Fwp%2Fv2%2Fmedia&parent=41764"}],"wp:term":[{"taxonomy":"category","embeddable":true,"href":"https:\/\/zonaroja.com.mx\/index.php?rest_route=%2Fwp%2Fv2%2Fcategories&post=41764"},{"taxonomy":"post_tag","embeddable":true,"href":"https:\/\/zonaroja.com.mx\/index.php?rest_route=%2Fwp%2Fv2%2Ftags&post=41764"}],"curies":[{"name":"wp","href":"https:\/\/api.w.org\/{rel}","templated":true}]}}