{"id":41766,"date":"2022-05-29T07:51:59","date_gmt":"2022-05-29T12:51:59","guid":{"rendered":"http:\/\/www.zonaroja.com.mx\/?p=41766"},"modified":"2022-05-29T07:52:00","modified_gmt":"2022-05-29T12:52:00","slug":"en-alerta-extrema-por-agatha-en-oaxaca-suspenden-clases","status":"publish","type":"post","link":"https:\/\/zonaroja.com.mx\/?p=41766","title":{"rendered":"En alerta extrema por \u201cAgatha\u201d en Oaxaca; suspenden clases"},"content":{"rendered":"\n<p>Redacci\u00f3n\/Zona Roja.<\/p>\n\n\n\n<p>Oaxaca de Ju\u00e1rez, Oax., 29 de mayo de 2022.- Ante la probabilidad de que \u201cAgatha\u201d se convierta ma\u00f1ana en hurac\u00e1n, municipios de la Costa de Oaxaca se encuentran en alerta m\u00e1xima.<\/p>\n\n\n\n<p>En Santa Mar\u00eda Huatulco &#8211;al igual que en otros lugares&#8211;, las autoridades municipales determinaron la suspensi\u00f3n de clases este lunes y hasta nuevo aviso; mientras que algunos vuelos cancelaron su arribo al aeropuerto de este destino tur\u00edstico.<\/p>\n\n\n\n<p>En San Pedro Pochutla, se inici\u00f3 la instalaci\u00f3n de al menos una decena de albergues; corporaciones policiacas y de auxilio de los tres niveles de gobierno, recorren zonas de riesgo y los puertos del litoral oaxaque\u00f1o cerraron a la navegaci\u00f3n.<\/p>\n\n\n\n<p>A su vez, la Coordinaci\u00f3n Estatal de Protecci\u00f3n Civil inform\u00f3 que la Tormenta Tropical \u201cAgatha\u201d se localiz\u00f3 a las 04:00 horas de este domingo a 305 kil\u00f3metros al suroeste de Puerto \u00c1ngel, Pochutla, y se desplaza lentamente hacia el noroeste a raz\u00f3n de siete kil\u00f3metros por hora \/km\/h), con vientos m\u00e1ximos sostenidos de 95 km\/h y rachas de 110 km\/h, \u201cy es muy posible gire hacia el norte y se fortalezca a hurac\u00e1n categor\u00eda 1 y 2\u201d.<\/p>\n\n\n\n<p>En un comunicado, indic\u00f3 que las amplias bandas nubosas y su circulaci\u00f3n cicl\u00f3nica se asocian con un canal de baja presi\u00f3n y con la Onda Tropical 2 sobre el sureste de M\u00e9xico, los que generar\u00e1n lluvias intensas a torrenciales, oleaje elevado y fuertes vientos con marejadas cicl\u00f3nicas en toda la l\u00ednea de costa del estado en las pr\u00f3ximas horas.<\/p>\n\n\n\n<p>Adem\u00e1s, se establece vientos por efectos de hurac\u00e1n desde San Mateo del Mar hasta Pinotepa Nacional, as\u00ed como crecidas de r\u00edos de respuesta r\u00e1pida, deslizamientos de laderas en zonas de alta pendiente e inundaciones repentinas.<\/p>\n\n\n\n<p>INSTALAN CONSEJO<\/p>\n\n\n\n<p>Por otra parte, por instrucci\u00f3n del gobernador Alejandro Murat Hinojosa, el secretario General de Gobierno, Francisco Javier Garc\u00eda L\u00f3pez, instal\u00f3 noche la sesi\u00f3n permanente del Consejo Estatal de Protecci\u00f3n Civil para coordinar las acciones preventivas y de atenci\u00f3n a la ciudadan\u00eda necesarias ante la proximidad de la tormenta tropical \u201cAgatha\u201d.<\/p>\n\n\n\n<p>La Coordinaci\u00f3n Estatal de Protecci\u00f3n Civil de Oaxaca (CEPCO) inform\u00f3 que se mantiene estrecha coordinaci\u00f3n con las autoridades federales, municipales y fuerzas armadas para permitir la adecuada toma de decisiones y el flujo oportuno de los apoyos para mitigar las afectaciones a la poblaci\u00f3n civil.<\/p>\n\n\n\n<p>Se detall\u00f3 tambi\u00e9n que se estableci\u00f3 el protocolo de avisos por cicl\u00f3n tropical cada tres horas, los cuales se difunden a trav\u00e9s de la se\u00f1al de boletines de prensa, avisos por televisi\u00f3n, radio y redes sociales, mismos que tambi\u00e9n son transmitidos en las distintas lenguas ind\u00edgenas de la entidad.<\/p>\n\n\n\n<p>Por su parte, Miguel \u00c1ngel Mart\u00ednez Cordero, director del Organismo de Cuenca Pac\u00edfico Sur de la Conagua dio a conocer que se espera que \u201cAgatha\u201d toque tierra como hurac\u00e1n categor\u00eda 1 el lunes 30 de mayo en la zona comprendida entre Puerto Escondido y Huatulco.<\/p>\n\n\n\n<p>Mientras que la Secretar\u00eda de Marina y la Secretar\u00eda de la Defensa Nacional dieron a conocer que ya se han puesto en marcha los planes Marina y DN3 para atender de manera oportuna a la poblaci\u00f3n civil que pudiera sufrir afectaciones.<\/p>\n\n\n\n<p>Asimismo, la Comisi\u00f3n Federal de Electricidad dio a conocer que ya ha desplegado personal en alerta en las posibles zonas de impacto con radio de atenci\u00f3n en la zona de la Costa desde Pinotepa hasta Huamelula, y en el Istmo de Tehuantepec desde Huamelula hasta Arriaga, Chiapas, para la atenci\u00f3n de posibles interrupciones al suministro el\u00e9ctrico.<\/p>\n\n\n\n<p>Mientras que el Instituto Estatal de Educaci\u00f3n P\u00fablica de Oaxaca inform\u00f3 que en los municipios en los que se pronostican afectaciones ser\u00e1n suspendidas las clases los d\u00edas lunes y martes, o hasta que las condiciones meteorol\u00f3gicas no representen un riesgo para alumnado y docentes.<\/p>\n\n\n\n<p>Tambi\u00e9n la Secretar\u00eda de Seguridad P\u00fablica de Oaxaca y los Servicios de Salud de la entidad dieron a conocer las acciones especiales que han desplegado para la atenci\u00f3n de la emergencia.<\/p>\n\n\n\n<p>El secretario General de Gobierno exhort\u00f3 a los funcionarios de la administraci\u00f3n p\u00fablica estatal a mantenerse en alerta y a los sistemas municipales mantener listos los refugios temporales para las personas que pudieran requerirse ante una eventual emergencia. As\u00ed como realizar recorridos para evitar da\u00f1os y mantener una estrecha coordinaci\u00f3n para agilizar estas labores.<\/p>\n","protected":false},"excerpt":{"rendered":"<p>Redacci\u00f3n\/Zona Roja. Oaxaca de Ju\u00e1rez, Oax., 29 de mayo de 2022.- Ante la probabilidad de&hellip;<\/p>\n","protected":false},"author":2,"featured_media":41767,"comment_status":"closed","ping_status":"open","sticky":false,"template":"","format":"standard","meta":{"_lmt_disableupdate":"","_lmt_disable":"","_jetpack_memberships_contains_paid_content":false,"footnotes":""},"categories":[109,47],"tags":[848],"class_list":["post-41766","post","type-post","status-publish","format-standard","has-post-thumbnail","hentry","category-minuto-a-minuto","category-zona-gris","tag-danos-lluvias-oaxaca"],"jetpack_featured_media_url":"https:\/\/zonaroja.com.mx\/wp-content\/uploads\/2022\/05\/Tormenta-Tropical-costa-Oaxaca.jpg","jetpack_sharing_enabled":true,"_links":{"self":[{"href":"https:\/\/zonaroja.com.mx\/index.php?rest_route=\/wp\/v2\/posts\/41766","targetHints":{"allow":["GET"]}}],"collection":[{"href":"https:\/\/zonaroja.com.mx\/index.php?rest_route=\/wp\/v2\/posts"}],"about":[{"href":"https:\/\/zonaroja.com.mx\/index.php?rest_route=\/wp\/v2\/types\/post"}],"author":[{"embeddable":true,"href":"https:\/\/zonaroja.com.mx\/index.php?rest_route=\/wp\/v2\/users\/2"}],"replies":[{"embeddable":true,"href":"https:\/\/zonaroja.com.mx\/index.php?rest_route=%2Fwp%2Fv2%2Fcomments&post=41766"}],"version-history":[{"count":1,"href":"https:\/\/zonaroja.com.mx\/index.php?rest_route=\/wp\/v2\/posts\/41766\/revisions"}],"predecessor-version":[{"id":41768,"href":"https:\/\/zonaroja.com.mx\/index.php?rest_route=\/wp\/v2\/posts\/41766\/revisions\/41768"}],"wp:featuredmedia":[{"embeddable":true,"href":"https:\/\/zonaroja.com.mx\/index.php?rest_route=\/wp\/v2\/media\/41767"}],"wp:attachment":[{"href":"https:\/\/zonaroja.com.mx\/index.php?rest_route=%2Fwp%2Fv2%2Fmedia&parent=41766"}],"wp:term":[{"taxonomy":"category","embeddable":true,"href":"https:\/\/zonaroja.com.mx\/index.php?rest_route=%2Fwp%2Fv2%2Fcategories&post=41766"},{"taxonomy":"post_tag","embeddable":true,"href":"https:\/\/zonaroja.com.mx\/index.php?rest_route=%2Fwp%2Fv2%2Ftags&post=41766"}],"curies":[{"name":"wp","href":"https:\/\/api.w.org\/{rel}","templated":true}]}}