{"id":41769,"date":"2022-05-29T08:00:39","date_gmt":"2022-05-29T13:00:39","guid":{"rendered":"http:\/\/www.zonaroja.com.mx\/?p=41769"},"modified":"2022-05-29T08:00:41","modified_gmt":"2022-05-29T13:00:41","slug":"cuatro-anos-despues-no-hay-justicia-para-maria-del-sol","status":"publish","type":"post","link":"https:\/\/zonaroja.com.mx\/?p=41769","title":{"rendered":"Cuatro a\u00f1os despu\u00e9s, no hay justicia para Mar\u00eda del Sol"},"content":{"rendered":"\n<p>Redacci\u00f3n\/Zona Roja.<\/p>\n\n\n\n<p>Oaxaca de Ju\u00e1rez, Oax., 29 de mayo de 2022.- El pr\u00f3ximo 2 de junio se cumplen cuatro a\u00f1os del asesinato de la fotoperiodista Mar\u00eda del Sol Cruz Jarqu\u00edn \u2014y dos personas m\u00e1s\u2014 y a la fecha no personas detenidas\u2026. ni justicia.<\/p>\n\n\n\n<p>Ante ello, organizaciones sociales preparan una serie de actividades en la ciudad de Oaxaca, a partir del pr\u00f3ximo martes, a fin de respaldar las exigencias de la periodista Soledad Jarqu\u00edn, madre de la joven ultimada a balazos en Juchit\u00e1n de Zaragoza.<\/p>\n\n\n\n<p>A las 08:30 horas del 31 de mayo, se realizar\u00e1 una caravana motorizada de denuncia simb\u00f3lica ante la impunidad.&nbsp;<\/p>\n\n\n\n<p>La cita es en la Fiscal\u00eda General del Estado; de ah\u00ed, a las 09:00 se dirigir\u00e1 al Palacio de Gobierno, en el centro de la ciudad de Oaxaca, para despu\u00e9s trasladarse a la zona norte.<\/p>\n\n\n\n<p>A las 10:00 horas en la fuente de las Ocho Regiones se realizar\u00e1 una conferencia de prensa, en que se dar\u00e1 el posicionamiento de Soledad Jarqu\u00edn, ante la ausencia de justicia para este y todos los casos de feminicidio en Oaxaca y el pa\u00eds<\/p>\n\n\n\n<p>El 2 de junio de 2018 en Juchit\u00e1n, sujetos armados acribillaron a varias personas que iban a abordar su veh\u00edculo de motor; entre las v\u00edctimas se encuentran, adem\u00e1s de Mar\u00eda del Sol, Pamela Ter\u00e1n y Adelfo Guerra.<\/p>\n\n\n\n<p>Con Rub\u00e9n Vasconcelos M\u00e9ndez al cargo, hubo dos personas detenidas, pero que fueron liberadas presuntamente por falta de pruebas y m\u00faltiples errores en las indagatorias.<\/p>\n\n\n\n<p>Por ello, familiares y colectivos de la sociedad civil han denunciado complicidad, corrupci\u00f3n y abuso de poder desde el Estado frente al feminicidio de Mar\u00eda del Sol Cruz Jarqu\u00edn.&nbsp;<\/p>\n","protected":false},"excerpt":{"rendered":"<p>Redacci\u00f3n\/Zona Roja. Oaxaca de Ju\u00e1rez, Oax., 29 de mayo de 2022.- El pr\u00f3ximo 2 de&hellip;<\/p>\n","protected":false},"author":2,"featured_media":41770,"comment_status":"closed","ping_status":"open","sticky":false,"template":"","format":"standard","meta":{"_lmt_disableupdate":"","_lmt_disable":"","_jetpack_memberships_contains_paid_content":false,"footnotes":""},"categories":[109,46],"tags":[1059],"class_list":["post-41769","post","type-post","status-publish","format-standard","has-post-thumbnail","hentry","category-minuto-a-minuto","category-zona-blanca","tag-maria-del-sol-cruz-jarquin"],"jetpack_featured_media_url":"https:\/\/zonaroja.com.mx\/wp-content\/uploads\/2022\/05\/Justicia-para-Sol-Jarquin-Maria-del-Sol.jpg","jetpack_sharing_enabled":true,"_links":{"self":[{"href":"https:\/\/zonaroja.com.mx\/index.php?rest_route=\/wp\/v2\/posts\/41769","targetHints":{"allow":["GET"]}}],"collection":[{"href":"https:\/\/zonaroja.com.mx\/index.php?rest_route=\/wp\/v2\/posts"}],"about":[{"href":"https:\/\/zonaroja.com.mx\/index.php?rest_route=\/wp\/v2\/types\/post"}],"author":[{"embeddable":true,"href":"https:\/\/zonaroja.com.mx\/index.php?rest_route=\/wp\/v2\/users\/2"}],"replies":[{"embeddable":true,"href":"https:\/\/zonaroja.com.mx\/index.php?rest_route=%2Fwp%2Fv2%2Fcomments&post=41769"}],"version-history":[{"count":1,"href":"https:\/\/zonaroja.com.mx\/index.php?rest_route=\/wp\/v2\/posts\/41769\/revisions"}],"predecessor-version":[{"id":41771,"href":"https:\/\/zonaroja.com.mx\/index.php?rest_route=\/wp\/v2\/posts\/41769\/revisions\/41771"}],"wp:featuredmedia":[{"embeddable":true,"href":"https:\/\/zonaroja.com.mx\/index.php?rest_route=\/wp\/v2\/media\/41770"}],"wp:attachment":[{"href":"https:\/\/zonaroja.com.mx\/index.php?rest_route=%2Fwp%2Fv2%2Fmedia&parent=41769"}],"wp:term":[{"taxonomy":"category","embeddable":true,"href":"https:\/\/zonaroja.com.mx\/index.php?rest_route=%2Fwp%2Fv2%2Fcategories&post=41769"},{"taxonomy":"post_tag","embeddable":true,"href":"https:\/\/zonaroja.com.mx\/index.php?rest_route=%2Fwp%2Fv2%2Ftags&post=41769"}],"curies":[{"name":"wp","href":"https:\/\/api.w.org\/{rel}","templated":true}]}}