{"id":41775,"date":"2022-05-29T15:44:01","date_gmt":"2022-05-29T20:44:01","guid":{"rendered":"http:\/\/www.zonaroja.com.mx\/?p=41775"},"modified":"2022-05-29T15:44:03","modified_gmt":"2022-05-29T20:44:03","slug":"emite-cndh-recomendacion-a-gobiernos-federal-y-de-oaxaca-por-muerte-de-menor","status":"publish","type":"post","link":"https:\/\/zonaroja.com.mx\/?p=41775","title":{"rendered":"Emite CNDH recomendaci\u00f3n a gobiernos federal y de Oaxaca por muerte de menor"},"content":{"rendered":"\n<p>Redacci\u00f3n\/Zona Roja.<\/p>\n\n\n\n<p>Oaxaca de Ju\u00e1rez, Oax., 29 de mayo de 2022.- La Comisi\u00f3n Nacional de los Derechos Humanos (CNDH) emiti\u00f3 una recomendaci\u00f3n a los gobiernos federal y estatal, por la muerte de un menor de edad, provocado por un veh\u00edculo de la Guardia Nacional.<\/p>\n\n\n\n<p>De acuerdo con el documento, el 31 de enero del a\u00f1o 2020, una unidad de motor transitaba en la carretera federal 200, en inmediaciones de Santiago Jamiltepec y en la cual viajaba un menor de edad en la batea.<\/p>\n\n\n\n<p>Fue entonces que una camioneta de la Guardia Nacional, presuntamente invadi\u00f3 carril a alta velocidad y golpe\u00f3 el veh\u00edculo particular, donde result\u00f3 muerto un menor de edad, adem\u00e1s de dos adultos lesionados.<\/p>\n\n\n\n<p>De acuerdo con las v\u00edctimas, elementos de la Guardia Nacional mintieron en su declaraci\u00f3n al decir que no fueron responsables del percance, mientras que la Fiscal\u00eda General del Estado de Oaxaca dio por v\u00e1lida dicha versi\u00f3n, con peritajes que present\u00f3, dejando en el desamparo a los deudos.<\/p>\n\n\n\n<p>No obstante seg\u00fan la necropsia de ley y testimonio de otras v\u00edctimas refut\u00f3 dicha versi\u00f3n y corrobor\u00f3 que la muerte del menor fue por el accidente provocado por la unidad de la Guardia Nacional.<\/p>\n\n\n\n<p>Por ello, la CNDH emiti\u00f3 la recomendaci\u00f3n a la Secretar\u00eda de Seguridad y Protecci\u00f3n Ciudadana y a la Fiscal\u00eda General del Estado, a quienes pidi\u00f3 reparaci\u00f3n integral del da\u00f1o que incluya una compensaci\u00f3n justa y suficiente as\u00f3 como atenci\u00f3n m\u00e9dica y psicol\u00f3gica a quienes lo requieran.<\/p>\n","protected":false},"excerpt":{"rendered":"<p>Redacci\u00f3n\/Zona Roja. Oaxaca de Ju\u00e1rez, Oax., 29 de mayo de 2022.- La Comisi\u00f3n Nacional de&hellip;<\/p>\n","protected":false},"author":2,"featured_media":36708,"comment_status":"closed","ping_status":"open","sticky":false,"template":"","format":"standard","meta":{"_lmt_disableupdate":"","_lmt_disable":"","_jetpack_memberships_contains_paid_content":false,"footnotes":""},"categories":[109,47],"tags":[974,278],"class_list":["post-41775","post","type-post","status-publish","format-standard","has-post-thumbnail","hentry","category-minuto-a-minuto","category-zona-gris","tag-cndh-comision-nacional-de-derechos-humanos","tag-guardia-nacional"],"jetpack_featured_media_url":"https:\/\/zonaroja.com.mx\/wp-content\/uploads\/2022\/01\/Guardia-Nacional-2.jpg","jetpack_sharing_enabled":true,"_links":{"self":[{"href":"https:\/\/zonaroja.com.mx\/index.php?rest_route=\/wp\/v2\/posts\/41775","targetHints":{"allow":["GET"]}}],"collection":[{"href":"https:\/\/zonaroja.com.mx\/index.php?rest_route=\/wp\/v2\/posts"}],"about":[{"href":"https:\/\/zonaroja.com.mx\/index.php?rest_route=\/wp\/v2\/types\/post"}],"author":[{"embeddable":true,"href":"https:\/\/zonaroja.com.mx\/index.php?rest_route=\/wp\/v2\/users\/2"}],"replies":[{"embeddable":true,"href":"https:\/\/zonaroja.com.mx\/index.php?rest_route=%2Fwp%2Fv2%2Fcomments&post=41775"}],"version-history":[{"count":1,"href":"https:\/\/zonaroja.com.mx\/index.php?rest_route=\/wp\/v2\/posts\/41775\/revisions"}],"predecessor-version":[{"id":41776,"href":"https:\/\/zonaroja.com.mx\/index.php?rest_route=\/wp\/v2\/posts\/41775\/revisions\/41776"}],"wp:featuredmedia":[{"embeddable":true,"href":"https:\/\/zonaroja.com.mx\/index.php?rest_route=\/wp\/v2\/media\/36708"}],"wp:attachment":[{"href":"https:\/\/zonaroja.com.mx\/index.php?rest_route=%2Fwp%2Fv2%2Fmedia&parent=41775"}],"wp:term":[{"taxonomy":"category","embeddable":true,"href":"https:\/\/zonaroja.com.mx\/index.php?rest_route=%2Fwp%2Fv2%2Fcategories&post=41775"},{"taxonomy":"post_tag","embeddable":true,"href":"https:\/\/zonaroja.com.mx\/index.php?rest_route=%2Fwp%2Fv2%2Ftags&post=41775"}],"curies":[{"name":"wp","href":"https:\/\/api.w.org\/{rel}","templated":true}]}}