{"id":41777,"date":"2022-05-29T15:46:12","date_gmt":"2022-05-29T20:46:12","guid":{"rendered":"http:\/\/www.zonaroja.com.mx\/?p=41777"},"modified":"2022-05-29T15:46:13","modified_gmt":"2022-05-29T20:46:13","slug":"confirman-suspension-de-clases-en-escuelas-de-oaxaca-por-agatha","status":"publish","type":"post","link":"https:\/\/zonaroja.com.mx\/?p=41777","title":{"rendered":"Confirman suspensi\u00f3n de clases en escuelas de Oaxaca, por \u201cAgatha\u201d"},"content":{"rendered":"\n<p>Redacci\u00f3n\/Zona Roja.<\/p>\n\n\n\n<p>Oaxaca de Ju\u00e1rez, Oax. 29 de mayo de 2022.- El Gobierno del Estado, a trav\u00e9s del Instituto Estatal de Educaci\u00f3n P\u00fablica de Oaxaca (IEEPO), informa que ante las condiciones climatol\u00f3gicas y los pron\u00f3sticos por el paso del hurac\u00e1n \u201cAgatha\u201d en la entidad, las escuelas de educaci\u00f3n b\u00e1sica ubicadas en la Costa, Istmo de Tehuantepec, Cuenca del Papaloapan, Sierra Norte, Sierra Sur y la Mixteca, suspender\u00e1n clases los d\u00edas lunes 30 y martes 31 de mayo, o hasta que las condiciones meteorol\u00f3gicas no representen un peligro para el alumnado y docentes.<\/p>\n\n\n\n<p>Lo anterior, conforme a lo acordado en la sesi\u00f3n permanente del Consejo Estatal de Protecci\u00f3n Civil y como una medida preventiva para salvaguardar la integridad de&nbsp; la comunidad escolar en las zonas donde se prev\u00e9 pueda impactar el meteoro con mayor intensidad y por lo que se encuentran en alerta m\u00e1xima.<\/p>\n\n\n\n<p>El IEEPO pide a directivos, docentes, madres y padres de familia acatar las recomendaciones que emitan las autoridades correspondientes, entre estas ubicar los refugios temporales, evitar cruzar puentes o r\u00edos con niveles de agua altos, evitar caminar en zonas inundadas y estar atentos de los reportes de la Coordinaci\u00f3n Estatal de Protecci\u00f3n Civil (CEPCO), para conocer las condiciones y medidas que se tomen.<\/p>\n\n\n\n<p>Conforme a los monitoreos permanentes y la informaci\u00f3n evolucione se dar\u00e1n a conocer las siguientes acciones a seguir. Para dudas y orientaci\u00f3n el Instituto tiene disponible el tel\u00e9fono 800 433 76 15.<\/p>\n","protected":false},"excerpt":{"rendered":"<p>Redacci\u00f3n\/Zona Roja. Oaxaca de Ju\u00e1rez, Oax. 29 de mayo de 2022.- El Gobierno del Estado,&hellip;<\/p>\n","protected":false},"author":2,"featured_media":4990,"comment_status":"closed","ping_status":"open","sticky":false,"template":"","format":"standard","meta":{"_lmt_disableupdate":"","_lmt_disable":"","_jetpack_memberships_contains_paid_content":false,"footnotes":""},"categories":[109,47],"tags":[2626],"class_list":["post-41777","post","type-post","status-publish","format-standard","has-post-thumbnail","hentry","category-minuto-a-minuto","category-zona-gris","tag-ciclones-y-huracanes-tropicales"],"jetpack_featured_media_url":"https:\/\/zonaroja.com.mx\/wp-content\/uploads\/2019\/10\/escuelas-lluvias.jpg","jetpack_sharing_enabled":true,"_links":{"self":[{"href":"https:\/\/zonaroja.com.mx\/index.php?rest_route=\/wp\/v2\/posts\/41777","targetHints":{"allow":["GET"]}}],"collection":[{"href":"https:\/\/zonaroja.com.mx\/index.php?rest_route=\/wp\/v2\/posts"}],"about":[{"href":"https:\/\/zonaroja.com.mx\/index.php?rest_route=\/wp\/v2\/types\/post"}],"author":[{"embeddable":true,"href":"https:\/\/zonaroja.com.mx\/index.php?rest_route=\/wp\/v2\/users\/2"}],"replies":[{"embeddable":true,"href":"https:\/\/zonaroja.com.mx\/index.php?rest_route=%2Fwp%2Fv2%2Fcomments&post=41777"}],"version-history":[{"count":1,"href":"https:\/\/zonaroja.com.mx\/index.php?rest_route=\/wp\/v2\/posts\/41777\/revisions"}],"predecessor-version":[{"id":41778,"href":"https:\/\/zonaroja.com.mx\/index.php?rest_route=\/wp\/v2\/posts\/41777\/revisions\/41778"}],"wp:featuredmedia":[{"embeddable":true,"href":"https:\/\/zonaroja.com.mx\/index.php?rest_route=\/wp\/v2\/media\/4990"}],"wp:attachment":[{"href":"https:\/\/zonaroja.com.mx\/index.php?rest_route=%2Fwp%2Fv2%2Fmedia&parent=41777"}],"wp:term":[{"taxonomy":"category","embeddable":true,"href":"https:\/\/zonaroja.com.mx\/index.php?rest_route=%2Fwp%2Fv2%2Fcategories&post=41777"},{"taxonomy":"post_tag","embeddable":true,"href":"https:\/\/zonaroja.com.mx\/index.php?rest_route=%2Fwp%2Fv2%2Ftags&post=41777"}],"curies":[{"name":"wp","href":"https:\/\/api.w.org\/{rel}","templated":true}]}}