{"id":41782,"date":"2022-05-29T19:21:04","date_gmt":"2022-05-30T00:21:04","guid":{"rendered":"http:\/\/www.zonaroja.com.mx\/?p=41782"},"modified":"2022-05-29T19:21:06","modified_gmt":"2022-05-30T00:21:06","slug":"llego-la-hora-de-la-transformacion-del-campo-oaxaqueno-jara-cruz","status":"publish","type":"post","link":"https:\/\/zonaroja.com.mx\/?p=41782","title":{"rendered":"Lleg\u00f3 la hora de la transformaci\u00f3n del campo oaxaque\u00f1o: Jara Cruz"},"content":{"rendered":"\n<p>Redacci\u00f3n\/Zona Roja.<\/p>\n\n\n\n<p>Oaxaca de Ju\u00e1rez, Oax., 29 de mayo de 2022.- Desde Mat\u00edas Romero Avenda\u00f1o, el candidato al Gobierno del Estado por los partidos Morena, PT, PUP y Verde Ecologista, Salom\u00f3n Jara Cruz, llam\u00f3 a votar el pr\u00f3ximo domingo por la coalici\u00f3n \u201cJuntos Hacemos Historia\u201d, porque lleg\u00f3 la hora de la transformaci\u00f3n del campo oaxaque\u00f1o.<\/p>\n\n\n\n<p>En su llamado \u00abMensaje de la Esperanza\u00bb, Jara Cruz asegur\u00f3 que un Oaxaca pr\u00f3spero, seguro y con oportunidades es inminente; pero la ciudadan\u00eda debe expresarlo con su voto y defenderlo en las urnas el pr\u00f3ximo domingo 5 de junio.<\/p>\n\n\n\n<p>\u201cEn la entidad tenemos todo para ser un estado pr\u00f3spero y en permanente desarrollo. Tenemos recursos naturales, hombres y mujeres trabajadoras, sin embargo, falta un gobierno que ame esta tierra y trabaje por su pueblo, y ese gobierno es el que se elegir\u00e1 el pr\u00f3ximo domingo al votar por la Coalici\u00f3n \u201cJuntos Hacemos Historia en Oaxaca\u201d, precis\u00f3.<\/p>\n\n\n\n<figure class=\"wp-block-embed is-type-rich is-provider-twitter wp-block-embed-twitter\"><div class=\"wp-block-embed__wrapper\">\n<div class=\"twitter-tweet\"><blockquote class=\"twitter-tweet\" data-lang=\"es\"><p lang=\"es\" dir=\"ltr\"><a href=\"https:\/\/twitter.com\/hashtag\/EleccionesOaxaca2022?src=hash&amp;ref_src=twsrc%5Etfw\">#EleccionesOaxaca2022<\/a> <br>En la regi\u00f3n del Istmo se encuentra hoy <a href=\"https:\/\/twitter.com\/salomonj?ref_src=twsrc%5Etfw\">@salomonj<\/a>, respaldado por el delegado nacional de Morena, \u00d3scar Cant\u00f3n Zetina, quien afirma que a partir del 5 de junio, Oaxaca tendr\u00e1 un nuevo rumbo, de justicia, progreso, desarrollo e igualdad de oportunidades. <a href=\"https:\/\/t.co\/zqSdHAlzKA\">pic.twitter.com\/zqSdHAlzKA<\/a><\/p>&mdash; Zona Roja Oaxaca (@ZonaRoja_Oaxaca) <a href=\"https:\/\/twitter.com\/ZonaRoja_Oaxaca\/status\/1531036418738356226?ref_src=twsrc%5Etfw\">29 de mayo de 2022<\/a><\/blockquote><\/div>\n<\/div><\/figure>\n\n\n\n<p>Dijo que ahora el gobierno ser\u00e1 del pueblo y mandar\u00e1 seg\u00fan la voluntad de la gente, porque ser\u00e1n oaxaque\u00f1as y oaxaque\u00f1os quienes est\u00e9n al frente de la administraci\u00f3n p\u00fablica.<\/p>\n\n\n\n<p>Jara Cruz detall\u00f3 que su plan de gobierno contempla acciones para transformar al campo, entre ellas, la entrega a los y las productoras de insumos necesarios para sus cultivos.<\/p>\n\n\n\n<p>Asimismo, se instalar\u00e1 en cada uno de los 570 municipios, un asesor t\u00e9cnico que los acompa\u00f1e y atienda, lo que indica que \u00abya no se dejar\u00e1 abandonado al campo\u00bb.<\/p>\n\n\n\n<p>En esta administraci\u00f3n del pueblo, dijo se implementar\u00e1 un programa de empleo permanente para reforestar todo el territorio estatal con \u00e1rboles frutales y maderables, as\u00ed se tendr\u00e1n oportunidades laborales y de mejora al agro al mismo tiempo.<\/p>\n","protected":false},"excerpt":{"rendered":"<p>Redacci\u00f3n\/Zona Roja. Oaxaca de Ju\u00e1rez, Oax., 29 de mayo de 2022.- Desde Mat\u00edas Romero Avenda\u00f1o,&hellip;<\/p>\n","protected":false},"author":2,"featured_media":41783,"comment_status":"closed","ping_status":"open","sticky":false,"template":"","format":"standard","meta":{"_lmt_disableupdate":"","_lmt_disable":"","_jetpack_memberships_contains_paid_content":false,"footnotes":""},"categories":[109,46],"tags":[939],"class_list":["post-41782","post","type-post","status-publish","format-standard","has-post-thumbnail","hentry","category-minuto-a-minuto","category-zona-blanca","tag-salomon-jara-cruz"],"jetpack_featured_media_url":"https:\/\/zonaroja.com.mx\/wp-content\/uploads\/2022\/05\/Salomon-Jara-en-Matias-Romero.jpeg","jetpack_sharing_enabled":true,"_links":{"self":[{"href":"https:\/\/zonaroja.com.mx\/index.php?rest_route=\/wp\/v2\/posts\/41782","targetHints":{"allow":["GET"]}}],"collection":[{"href":"https:\/\/zonaroja.com.mx\/index.php?rest_route=\/wp\/v2\/posts"}],"about":[{"href":"https:\/\/zonaroja.com.mx\/index.php?rest_route=\/wp\/v2\/types\/post"}],"author":[{"embeddable":true,"href":"https:\/\/zonaroja.com.mx\/index.php?rest_route=\/wp\/v2\/users\/2"}],"replies":[{"embeddable":true,"href":"https:\/\/zonaroja.com.mx\/index.php?rest_route=%2Fwp%2Fv2%2Fcomments&post=41782"}],"version-history":[{"count":1,"href":"https:\/\/zonaroja.com.mx\/index.php?rest_route=\/wp\/v2\/posts\/41782\/revisions"}],"predecessor-version":[{"id":41784,"href":"https:\/\/zonaroja.com.mx\/index.php?rest_route=\/wp\/v2\/posts\/41782\/revisions\/41784"}],"wp:featuredmedia":[{"embeddable":true,"href":"https:\/\/zonaroja.com.mx\/index.php?rest_route=\/wp\/v2\/media\/41783"}],"wp:attachment":[{"href":"https:\/\/zonaroja.com.mx\/index.php?rest_route=%2Fwp%2Fv2%2Fmedia&parent=41782"}],"wp:term":[{"taxonomy":"category","embeddable":true,"href":"https:\/\/zonaroja.com.mx\/index.php?rest_route=%2Fwp%2Fv2%2Fcategories&post=41782"},{"taxonomy":"post_tag","embeddable":true,"href":"https:\/\/zonaroja.com.mx\/index.php?rest_route=%2Fwp%2Fv2%2Ftags&post=41782"}],"curies":[{"name":"wp","href":"https:\/\/api.w.org\/{rel}","templated":true}]}}