{"id":41785,"date":"2022-05-29T20:47:19","date_gmt":"2022-05-30T01:47:19","guid":{"rendered":"http:\/\/www.zonaroja.com.mx\/?p=41785"},"modified":"2022-05-29T20:47:21","modified_gmt":"2022-05-30T01:47:21","slug":"salgan-a-votar-con-el-corazon-si-no-votan-el-futuro-de-oaxaca-estara-en-riesgo","status":"publish","type":"post","link":"https:\/\/zonaroja.com.mx\/?p=41785","title":{"rendered":"\u201cSalgan a votar con el coraz\u00f3n; si no votan, el futuro de Oaxaca estar\u00e1 en riesgo\u201d"},"content":{"rendered":"\n<p>Ismael Garc\u00eda M.\/Zona Roja.<\/p>\n\n\n\n<p>Oaxaca de Ju\u00e1rez, Oax., 29 de mayo de 2022.- En su cierre de campa\u00f1a, el candidato a gobernador por el PRI-PRD, llam\u00f3 a los oaxaque\u00f1os a salir a las urnas el pr\u00f3ximo domingo 5 de junio.<\/p>\n\n\n\n<p>\u201cSalgan a votar con el coraz\u00f3n\u2026 El pr\u00f3ximo domingo salgamos todos a votar, que no nos gane la apat\u00eda, porque si no votan, el futuro de Oaxaca estar\u00e1 en riesgo\u201d, dijo en presencia del gobernador Alejandro Murat Hinojosa.<\/p>\n\n\n\n<p>Ante m\u00e1s de 12 mil personas que abarrotaron el auditorio \u201cGuelaguetza\u201d, ubicado en el cerro del Fort\u00edn, el \u201cTriple A\u201d agradeci\u00f3 el respaldo de la dirigencia de los partidos PRI, que encabeza Javier Villaca\u00f1a Jim\u00e9nez, y PRD, que dirige Tom\u00e1s Basald\u00fa.<\/p>\n\n\n\n<p>\u201cLos sue\u00f1os que transforman a una comunidad son lo que se comparte, este proyecto del \u2018Triple A\u2019 es la suma de todas y todos, de las necesidades que he sentido y compartido, es el resultado de las crisis que ha atravesado el estado y no queremos que vuelva a suceder\u201d, dijo en su mensaje.<\/p>\n\n\n\n<p>En presencia de los integrantes de su familia, recalc\u00f3 que gobernar\u00e1 los pr\u00f3ximos seis a\u00f1os con el consenso del magisterio, \u201cporque es la base de la educaci\u00f3n, de la gobernabilidad y la paz social\u201d.<\/p>\n\n\n\n<p>A\u00f1adi\u00f3:<\/p>\n\n\n\n<p>\u201cCon el apoyo de todos, estoy seguro que vamos a ganar. Con ustedes est\u00e1 mi fuerza, mi lucha; hoy frente a ustedes me recargo de energ\u00eda para decir que esto apenas empieza, al \u2018Triple A\u2019 nadie lo para; si ustedes est\u00e1n conmigo, con todo su apoyo, ser\u00e9 su gobernador.<\/p>\n\n\n\n<figure class=\"wp-block-embed is-type-rich is-provider-twitter wp-block-embed-twitter\"><div class=\"wp-block-embed__wrapper\">\n<div class=\"twitter-tweet\"><blockquote class=\"twitter-tweet\" data-lang=\"es\"><p lang=\"es\" dir=\"ltr\"><a href=\"https:\/\/twitter.com\/hashtag\/EleccionesOaxaca2022?src=hash&amp;ref_src=twsrc%5Etfw\">#EleccionesOaxaca2022<\/a> <br>Regresar a los oaxaque\u00f1os los programas sociales que desaparecieron el gobierno federal y Morena, propone, entre otras cosas, el candidato a gobernador <a href=\"https:\/\/twitter.com\/_AvilesAlvarez?ref_src=twsrc%5Etfw\">@_AvilesAlvarez<\/a>, en el mitin de cierre de campa\u00f1a. <a href=\"https:\/\/t.co\/hnTLUP0Yzy\">pic.twitter.com\/hnTLUP0Yzy<\/a><\/p>&mdash; Zona Roja Oaxaca (@ZonaRoja_Oaxaca) <a href=\"https:\/\/twitter.com\/ZonaRoja_Oaxaca\/status\/1531062930170585088?ref_src=twsrc%5Etfw\">30 de mayo de 2022<\/a><\/blockquote><\/div>\n<\/div><\/figure>\n\n\n\n<p>\u201cEstamos dispuestos a luchar por Oaxaca para defenderla ante el desastre, la inseguridad y la eliminaci\u00f3n de los programas sociales, los protagonistas ser\u00e1n ustedes.<\/p>\n\n\n\n<p>\u201cNo me equivoqu\u00e9 nunca al elegir militar en el PRI y hoy sumar fuerzas con el PRD; el PRI ha demostrado que sabe gobernar. El gobierno de la rep\u00fablica, ni enemigo ni adversario, es un aliado estrat\u00e9gico de Oaxaca\u201d, remarc\u00f3, ante la vocera de la campa\u00f1a, Mariana Ben\u00edtez Tiburcio.<\/p>\n\n\n\n<p>LOS LOGROS<\/p>\n\n\n\n<p>Previo a ello, Murat Hinojosa destac\u00f3 que durante m\u00e1s de una d\u00e9cada, Oaxaca estuvo enfrentado, \u201cpero hoy hay gobernabilidad, escuchen la tranquilidad de Oaxaca, hoy en las calles, a diferencia de la mayor\u00eda de las calles del pa\u00eds, se puede caminar con tranquilidad con las familias, eso lo construy\u00f3 el PRI, lo construyeron ustedes.<\/p>\n\n\n\n<p>\u201cCon la frente en alto podemos voltear a ver a toda la rep\u00fablica y decirles que hoy en Oaxaca se crece, se terminan las obras que se quedaron abandonadas durante m\u00e1s de una d\u00e9cada, en Oaxaca le hemos ense\u00f1ado al pa\u00eds c\u00f3mo se enfrenta la pobreza, por eso estamos aqu\u00ed.<\/p>\n\n\n\n<p>\u201cPara elegir entre dos proyectos, uno que gobern\u00f3 Oaxaca hace seis a\u00f1os, que es el que nos dej\u00f3 un estado abandonado, un estado colapsado, un estado endeudado, enfrentado, con inseguridad, o el proyecto que hoy encabeza el PRI, hoy tenemos a un luchador, a nuestro luchador que est\u00e1 listo para dar continuidad al proyecto de Oaxaca. Este 5 de junio vamos a dar la pelea por Oaxaca\u201d, dijo el gobernante.<\/p>\n\n\n\n<figure class=\"wp-block-embed is-type-rich is-provider-twitter wp-block-embed-twitter\"><div class=\"wp-block-embed__wrapper\">\n<div class=\"twitter-tweet\"><blockquote class=\"twitter-tweet\" data-lang=\"es\"><p lang=\"es\" dir=\"ltr\"><a href=\"https:\/\/twitter.com\/hashtag\/EleccionesOaxaca2022?src=hash&amp;ref_src=twsrc%5Etfw\">#EleccionesOaxaca2022<\/a> <br>Previo al mitin, <a href=\"https:\/\/twitter.com\/_AvilesAlvarez?ref_src=twsrc%5Etfw\">@_AvilesAlvarez<\/a> recorre las gradas del auditorio Guelaguetza, abarrotado por miles. <br>Siga aqu\u00ed la transmisi\u00f3n oficial:<br>\ud83d\udc47<a href=\"https:\/\/t.co\/jwyOYebjvZ\">https:\/\/t.co\/jwyOYebjvZ<\/a> <a href=\"https:\/\/t.co\/TzLfC7kOVQ\">pic.twitter.com\/TzLfC7kOVQ<\/a><\/p>&mdash; Zona Roja Oaxaca (@ZonaRoja_Oaxaca) <a href=\"https:\/\/twitter.com\/ZonaRoja_Oaxaca\/status\/1531049058810449921?ref_src=twsrc%5Etfw\">29 de mayo de 2022<\/a><\/blockquote><\/div>\n<\/div><\/figure>\n","protected":false},"excerpt":{"rendered":"<p>Ismael Garc\u00eda M.\/Zona Roja. Oaxaca de Ju\u00e1rez, Oax., 29 de mayo de 2022.- En su&hellip;<\/p>\n","protected":false},"author":2,"featured_media":41786,"comment_status":"closed","ping_status":"open","sticky":false,"template":"","format":"standard","meta":{"_lmt_disableupdate":"","_lmt_disable":"","_jetpack_memberships_contains_paid_content":false,"footnotes":""},"categories":[109,47],"tags":[316],"class_list":["post-41785","post","type-post","status-publish","format-standard","has-post-thumbnail","hentry","category-minuto-a-minuto","category-zona-gris","tag-alejandro-aviles-alvarez"],"jetpack_featured_media_url":"https:\/\/zonaroja.com.mx\/wp-content\/uploads\/2022\/05\/Alejandro-Aviles-y-murat-cierre-de-campana.jpg","jetpack_sharing_enabled":true,"_links":{"self":[{"href":"https:\/\/zonaroja.com.mx\/index.php?rest_route=\/wp\/v2\/posts\/41785","targetHints":{"allow":["GET"]}}],"collection":[{"href":"https:\/\/zonaroja.com.mx\/index.php?rest_route=\/wp\/v2\/posts"}],"about":[{"href":"https:\/\/zonaroja.com.mx\/index.php?rest_route=\/wp\/v2\/types\/post"}],"author":[{"embeddable":true,"href":"https:\/\/zonaroja.com.mx\/index.php?rest_route=\/wp\/v2\/users\/2"}],"replies":[{"embeddable":true,"href":"https:\/\/zonaroja.com.mx\/index.php?rest_route=%2Fwp%2Fv2%2Fcomments&post=41785"}],"version-history":[{"count":1,"href":"https:\/\/zonaroja.com.mx\/index.php?rest_route=\/wp\/v2\/posts\/41785\/revisions"}],"predecessor-version":[{"id":41787,"href":"https:\/\/zonaroja.com.mx\/index.php?rest_route=\/wp\/v2\/posts\/41785\/revisions\/41787"}],"wp:featuredmedia":[{"embeddable":true,"href":"https:\/\/zonaroja.com.mx\/index.php?rest_route=\/wp\/v2\/media\/41786"}],"wp:attachment":[{"href":"https:\/\/zonaroja.com.mx\/index.php?rest_route=%2Fwp%2Fv2%2Fmedia&parent=41785"}],"wp:term":[{"taxonomy":"category","embeddable":true,"href":"https:\/\/zonaroja.com.mx\/index.php?rest_route=%2Fwp%2Fv2%2Fcategories&post=41785"},{"taxonomy":"post_tag","embeddable":true,"href":"https:\/\/zonaroja.com.mx\/index.php?rest_route=%2Fwp%2Fv2%2Ftags&post=41785"}],"curies":[{"name":"wp","href":"https:\/\/api.w.org\/{rel}","templated":true}]}}