{"id":41788,"date":"2022-05-29T20:58:10","date_gmt":"2022-05-30T01:58:10","guid":{"rendered":"http:\/\/www.zonaroja.com.mx\/?p=41788"},"modified":"2022-05-29T20:58:12","modified_gmt":"2022-05-30T01:58:12","slug":"desde-oaxaca-demandan-a-amlo-cumpla-con-vacunacion-anticovid-para-ninos","status":"publish","type":"post","link":"https:\/\/zonaroja.com.mx\/?p=41788","title":{"rendered":"Desde Oaxaca demandan a AMLO cumpla con vacunaci\u00f3n anticovid para ni\u00f1os"},"content":{"rendered":"\n<p>Redacci\u00f3n\/Estado 20.<\/p>\n\n\n\n<p>Oaxaca de Ju\u00e1rez, Oax., 29 de mayo de 2022.- Padres de familia de la asociaci\u00f3n \u201cChalecos amarillos\u201d exigieron esta ma\u00f1ana la aplicaci\u00f3n de la vacuna Pfizer contra el Covid-19 a ni\u00f1as, ni\u00f1os y adolescentes.<\/p>\n\n\n\n<p>Tambi\u00e9n demandaron al gobierno federal que cumpla con los amparos que han ganado los padres de familia, en el que se ordena la aplicaci\u00f3n del biol\u00f3gico a sus hijos.<\/p>\n\n\n\n<p>Lo anterior, a trav\u00e9s de una protesta en la fuente de las Ocho Regiones y posteriormente en una marcha hacia el centro de la ciudad de Oaxaca.<\/p>\n\n\n\n<p>\u201cHoy decimos basta de la violencia contra nuestras infancias, los volvi\u00f3 invisibles ante el Estado mexicano, seres humanos inexistentes, sin vida y ello es violencia y por tanto le decimos Ya basta. Cumpla con el mandato constitucional que protest\u00f3 el 18 de diciembre de 2018, cumpla con las sentencias, suspensiones de plano y suspensiones provisionales otorgadas\u201d, reclamaron.<\/p>\n\n\n\n<p>Seg\u00fan las cifras oficiales, dijeron, en M\u00e9xico se han contagiado de Covid-19, 352 mi 610 ni\u00f1as, ni\u00f1os y adolescentes. Se han hospitalizado 15 mil 246, se han intubado mil 69 y han muerto mil 265 ni\u00f1os, ni\u00f1as y adolescentes.<\/p>\n\n\n\n<figure class=\"wp-block-embed is-type-rich is-provider-twitter wp-block-embed-twitter\"><div class=\"wp-block-embed__wrapper\">\n<div class=\"twitter-tweet\"><blockquote class=\"twitter-tweet\" data-lang=\"es\"><p lang=\"es\" dir=\"ltr\"><a href=\"https:\/\/twitter.com\/hashtag\/%C3%9AltimoMinuto?src=hash&amp;ref_src=twsrc%5Etfw\">#\u00daltimoMinuto<\/a> <br>Tras la protesta en la fuente de las Ocho Regiones, familias e hijos que exigen vacunas para menores de edad marcharon con rumbo al centro de la ciudad de <a href=\"https:\/\/twitter.com\/hashtag\/Oaxaca?src=hash&amp;ref_src=twsrc%5Etfw\">#Oaxaca<\/a>. <a href=\"https:\/\/t.co\/229YwDZyQd\">pic.twitter.com\/229YwDZyQd<\/a><\/p>&mdash; Zona Roja Oaxaca (@ZonaRoja_Oaxaca) <a href=\"https:\/\/twitter.com\/ZonaRoja_Oaxaca\/status\/1530961379234091008?ref_src=twsrc%5Etfw\">29 de mayo de 2022<\/a><\/blockquote><\/div>\n<\/div><\/figure>\n\n\n\n<p>\u201cS\u00ed se\u00f1or, mil 265 familias han perdido a un hijo o hija por una enfermedad prevenible por vacunaci\u00f3n. Eso es violencia. Ya basta\u201d, apuntaron.<\/p>\n\n\n\n<p>Los padres de familia tambi\u00e9n acusaron al Presidente de la Rep\u00fablica, Andr\u00e9s Manuel L\u00f3pez Obrador, de fallar a los ni\u00f1os, ni\u00f1as y adolescentes, al no contemplarlos dentro de las jornadas de vacunaci\u00f3n para prevenir una enfermedad de gravedad, sufrir el s\u00edndrome inflamatorio de sus \u00f3rganos o de morir.<\/p>\n\n\n\n<p>\u201cNosotros padres y madres, maestros, m\u00e9dicos, no les hemos fallado y usted se\u00f1or presidente nos fall\u00f3. No los contemplo para prevenirles una enfermedad de gravedad, de morir, de que sus \u00f3rganos se inflamen, de contraer Covid-19 y a la fecha no son vacunados por el biol\u00f3gico Pfizer Biontech, \u00fanico autorizado por la OMS debido a sus tres fases para el grupo et\u00e1reo de cinco a 11 a\u00f1os y eso es violencia\u201d, sostuvieron.<\/p>\n\n\n\n<p>Hace dos d\u00edas el subsecretario de Salud, Hugo L\u00f3pez Gatell, inform\u00f3 que ya se iniciaron las negociaciones para comprar la vacuna Pfizer para menores entre los cinco y los 11 a\u00f1os de edad; adem\u00e1s de que, tambi\u00e9n se contempla adquirir la vacuna Abdala.<\/p>\n\n\n\n<p>En la conferencia de prensa, los padres de familia advirtieron que no permitir\u00e1n que se aplique una vacuna que no sea la Pfizer Biontech, la \u00fanica autorizada por la Organizaci\u00f3n Mundial de la Salud (OMS).<\/p>\n\n\n\n<p>\u201cLas vacunas con las que se quiere experimentar no son aprobadas por la OMS, estamos cansados de que crean que nuestras infancias pueden ser material de experimentaci\u00f3n. Los padres de familia exigimos, ya pasamos de esperar, de amparar para exigir nuestros derecho, ahora a exigirlo plenamente ante la sociedad\u201d.<\/p>\n\n\n\n<p>Finalmente, los padres de familia dieron un plazo de cinco d\u00edas para adquirir la vacuna Pfizer y de inmediato dar fecha, lugar y hora para la aplicaci\u00f3n del biol\u00f3gico.<\/p>\n","protected":false},"excerpt":{"rendered":"<p>Redacci\u00f3n\/Estado 20. Oaxaca de Ju\u00e1rez, Oax., 29 de mayo de 2022.- Padres de familia de&hellip;<\/p>\n","protected":false},"author":2,"featured_media":41789,"comment_status":"closed","ping_status":"open","sticky":false,"template":"","format":"standard","meta":{"_lmt_disableupdate":"","_lmt_disable":"","_jetpack_memberships_contains_paid_content":false,"footnotes":""},"categories":[109,46],"tags":[1512],"class_list":["post-41788","post","type-post","status-publish","format-standard","has-post-thumbnail","hentry","category-minuto-a-minuto","category-zona-blanca","tag-coronavirus-oaxaca"],"jetpack_featured_media_url":"https:\/\/zonaroja.com.mx\/wp-content\/uploads\/2022\/05\/Protesta-padres-chalecos-amarillos-medicinas.jpg","jetpack_sharing_enabled":true,"_links":{"self":[{"href":"https:\/\/zonaroja.com.mx\/index.php?rest_route=\/wp\/v2\/posts\/41788","targetHints":{"allow":["GET"]}}],"collection":[{"href":"https:\/\/zonaroja.com.mx\/index.php?rest_route=\/wp\/v2\/posts"}],"about":[{"href":"https:\/\/zonaroja.com.mx\/index.php?rest_route=\/wp\/v2\/types\/post"}],"author":[{"embeddable":true,"href":"https:\/\/zonaroja.com.mx\/index.php?rest_route=\/wp\/v2\/users\/2"}],"replies":[{"embeddable":true,"href":"https:\/\/zonaroja.com.mx\/index.php?rest_route=%2Fwp%2Fv2%2Fcomments&post=41788"}],"version-history":[{"count":1,"href":"https:\/\/zonaroja.com.mx\/index.php?rest_route=\/wp\/v2\/posts\/41788\/revisions"}],"predecessor-version":[{"id":41790,"href":"https:\/\/zonaroja.com.mx\/index.php?rest_route=\/wp\/v2\/posts\/41788\/revisions\/41790"}],"wp:featuredmedia":[{"embeddable":true,"href":"https:\/\/zonaroja.com.mx\/index.php?rest_route=\/wp\/v2\/media\/41789"}],"wp:attachment":[{"href":"https:\/\/zonaroja.com.mx\/index.php?rest_route=%2Fwp%2Fv2%2Fmedia&parent=41788"}],"wp:term":[{"taxonomy":"category","embeddable":true,"href":"https:\/\/zonaroja.com.mx\/index.php?rest_route=%2Fwp%2Fv2%2Fcategories&post=41788"},{"taxonomy":"post_tag","embeddable":true,"href":"https:\/\/zonaroja.com.mx\/index.php?rest_route=%2Fwp%2Fv2%2Ftags&post=41788"}],"curies":[{"name":"wp","href":"https:\/\/api.w.org\/{rel}","templated":true}]}}