{"id":41791,"date":"2022-05-30T06:40:28","date_gmt":"2022-05-30T11:40:28","guid":{"rendered":"http:\/\/www.zonaroja.com.mx\/?p=41791"},"modified":"2022-05-30T06:40:31","modified_gmt":"2022-05-30T11:40:31","slug":"en-las-proximas-12-horas-se-preve-que-impacte-huracan-en-oaxaca","status":"publish","type":"post","link":"https:\/\/zonaroja.com.mx\/?p=41791","title":{"rendered":"En las pr\u00f3ximas 12 horas se prev\u00e9 que impacte hurac\u00e1n en Oaxaca"},"content":{"rendered":"\n<p>Redacci\u00f3n\/Zona Roja.<\/p>\n\n\n\n<p>Oaxaca de Ju\u00e1rez, Oax., a 30 de mayo de 2022.- La Coordinaci\u00f3n Estatal de Protecci\u00f3n Civil de Oaxaca (CEPCO) informa que a las 04:00 horas de este lunes, el centro del hurac\u00e1n \u201cAgatha\u201d categor\u00eda 2 en la escala Saffir-Simpson, se localiz\u00f3 a 130 kil\u00f3metros al sur de Lagunas de Chacahua y a 135 kil\u00f3metros al sur-suroeste de Puerto Escondido, Oaxaca.<\/p>\n\n\n\n<p>Se desplaza hacia el noreste a raz\u00f3n de nueve kil\u00f3metros por hora, con vientos m\u00e1ximos sostenidos de 175 kil\u00f3metros por hora y rachas de 215 kil\u00f3metros por hora.&nbsp;<\/p>\n\n\n\n<p>Las regiones del Istmo, Costa, Sierras Norte y Sur, Cuenca del Papaloapan y Mixteca se encuentran en alerta m\u00e1xima y est\u00e1n siendo monitoreadas por las delegaciones regionales correspondientes.<\/p>\n\n\n\n<p>En las pr\u00f3ximas 48 horas, las amplias bandas nubosas y su circulaci\u00f3n cicl\u00f3nica generar\u00e1n lluvias intensas a torrenciales, oleaje elevado de cuatro a seis metros de altura y fuertes vientos con marejadas cicl\u00f3nicas en toda la l\u00ednea de costa del estado. &nbsp;<\/p>\n\n\n\n<p>Tambi\u00e9n, se establecen vientos por efectos de hurac\u00e1n desde San Mateo del Mar hasta Pinotepa Nacional, as\u00ed como crecidas de r\u00edos y arroyos de respuesta r\u00e1pida, deslizamientos de laderas y movimientos en masa en zonas de alta pendiente e inundaciones repentinas en partes bajas y zonas urbanas.&nbsp;<\/p>\n\n\n\n<p>Por lo anterior, la CEPCO recomienda a la poblaci\u00f3n en general tomar sus precauciones, mantenerse informado por fuentes oficiales y atender las recomendaciones de Protecci\u00f3n Civil y Capitan\u00eda de Puerto.<\/p>\n","protected":false},"excerpt":{"rendered":"<p>Redacci\u00f3n\/Zona Roja. Oaxaca de Ju\u00e1rez, Oax., a 30 de mayo de 2022.- La Coordinaci\u00f3n Estatal&hellip;<\/p>\n","protected":false},"author":2,"featured_media":41792,"comment_status":"closed","ping_status":"open","sticky":false,"template":"","format":"standard","meta":{"_lmt_disableupdate":"","_lmt_disable":"","_jetpack_memberships_contains_paid_content":false,"footnotes":""},"categories":[109,47],"tags":[3153],"class_list":["post-41791","post","type-post","status-publish","format-standard","has-post-thumbnail","hentry","category-minuto-a-minuto","category-zona-gris","tag-lluvias-tormentas-tropicales-y-huracanes"],"jetpack_featured_media_url":"https:\/\/zonaroja.com.mx\/wp-content\/uploads\/2022\/05\/Huracan-Agatha-costas-Oaxaca.jpeg","jetpack_sharing_enabled":true,"_links":{"self":[{"href":"https:\/\/zonaroja.com.mx\/index.php?rest_route=\/wp\/v2\/posts\/41791","targetHints":{"allow":["GET"]}}],"collection":[{"href":"https:\/\/zonaroja.com.mx\/index.php?rest_route=\/wp\/v2\/posts"}],"about":[{"href":"https:\/\/zonaroja.com.mx\/index.php?rest_route=\/wp\/v2\/types\/post"}],"author":[{"embeddable":true,"href":"https:\/\/zonaroja.com.mx\/index.php?rest_route=\/wp\/v2\/users\/2"}],"replies":[{"embeddable":true,"href":"https:\/\/zonaroja.com.mx\/index.php?rest_route=%2Fwp%2Fv2%2Fcomments&post=41791"}],"version-history":[{"count":1,"href":"https:\/\/zonaroja.com.mx\/index.php?rest_route=\/wp\/v2\/posts\/41791\/revisions"}],"predecessor-version":[{"id":41793,"href":"https:\/\/zonaroja.com.mx\/index.php?rest_route=\/wp\/v2\/posts\/41791\/revisions\/41793"}],"wp:featuredmedia":[{"embeddable":true,"href":"https:\/\/zonaroja.com.mx\/index.php?rest_route=\/wp\/v2\/media\/41792"}],"wp:attachment":[{"href":"https:\/\/zonaroja.com.mx\/index.php?rest_route=%2Fwp%2Fv2%2Fmedia&parent=41791"}],"wp:term":[{"taxonomy":"category","embeddable":true,"href":"https:\/\/zonaroja.com.mx\/index.php?rest_route=%2Fwp%2Fv2%2Fcategories&post=41791"},{"taxonomy":"post_tag","embeddable":true,"href":"https:\/\/zonaroja.com.mx\/index.php?rest_route=%2Fwp%2Fv2%2Ftags&post=41791"}],"curies":[{"name":"wp","href":"https:\/\/api.w.org\/{rel}","templated":true}]}}