{"id":41797,"date":"2022-05-30T08:03:25","date_gmt":"2022-05-30T13:03:25","guid":{"rendered":"http:\/\/www.zonaroja.com.mx\/?p=41797"},"modified":"2022-05-30T11:57:33","modified_gmt":"2022-05-30T16:57:33","slug":"llego-el-dia-caballo-que-alcanza-gana","status":"publish","type":"post","link":"https:\/\/zonaroja.com.mx\/?p=41797","title":{"rendered":"Lleg\u00f3 el d\u00eda: \u00bfcaballo que alcanza gana?"},"content":{"rendered":"\n<p>Ismael Garc\u00eda M.\/Zona Roja.<\/p>\n\n\n\n<p>Oaxaca de Ju\u00e1rez, Oax., 30 de mayo de 2022.- Tras casi dos meses de campa\u00f1a pol\u00edtica, poco m\u00e1s de tres millones de oaxaque\u00f1os acudir\u00e1n a las urnas el pr\u00f3ximo domingo 5 de junio, para elegir al o la titular del Poder Ejecutivo del estado.<\/p>\n\n\n\n<p>De siete contendientes, dos de ellos mujeres, s\u00f3lo dos figuraron en este lapso: Alejandro Avil\u00e9s \u00c1lvarez y Salom\u00f3n Jara Cruz. Uno, curtido en lides partidistas desde las ca\u00f1er\u00edas; el otro, curtido en las calles y pueblos. Uno, que podr\u00eda dar la sorpresa en las urnas, otro que se confi\u00f3 en que s\u00f3lo con la marca Morena se gana.<\/p>\n\n\n\n<p>Este domingo, en el auditorio \u201cGuelaguetza\u201d del cerro del Fort\u00edn, el postulado por el PRI y el PRD cerr\u00f3 su campa\u00f1a pol\u00edtica ante m\u00e1s de 12 mil personas tra\u00eddas de diversas regiones, con la notoria ausencia del dirigente nacional del PRI, Alejandro Moreno C\u00e1rdenas.<\/p>\n\n\n\n<p>El pr\u00f3ximo martes 31 de mayo, el abanderado de Morena, PVEM, PT y PUP, cerrar\u00e1 su campa\u00f1a en la Alameda de Le\u00f3n, donde se prev\u00e9 tambi\u00e9n llenar de militantes y seguidores.<\/p>\n\n\n\n<p>ANQUILOSADAS<\/p>\n\n\n\n<p>Sin embargo, las dos campa\u00f1as no ofrecieron nada nuevo: s\u00f3lo derroches, mitines con cientos o miles, reparto de apoyos, uso de pl\u00e1sticos contaminantes en promocionales, promesas y m\u00e1s promesas de un cambio verdadero\u2026 que a los oaxaque\u00f1os nunca les ha llegado ni se prev\u00e9 cambie el panorama en los pr\u00f3ximos seis a\u00f1os.<\/p>\n\n\n\n<p>Los dos aspirantes con la misma t\u00f3nica: cientos de acarreados a las concentraciones masivas, discursos, fotograf\u00edas similares, con las manos en alto, y ya.&nbsp;<\/p>\n\n\n\n<p>No se tiene conocimiento, o no se difundi\u00f3, otro tipo de campa\u00f1a, uno que fuera verdaderamente a ras de tierra, que hayan recorrido casas, o cuando menos algunas calles no tan s\u00f3lo como pose, sino como acercamiento real con los ciudadanos.<\/p>\n\n\n\n<p>Ninguno de los dos recorri\u00f3 los 570 municipios; a lo mucho 200 cada uno, y s\u00f3lo las principales municipalidades, no agencias ni mucho menos rancher\u00edas.<\/p>\n\n\n\n<p>No hay, no hubo innovaci\u00f3n; uno ofrece regresar los programas sociales que quit\u00f3 el gobierno morenista, el otro combatir la impunidad, pobreza y nulas obras que deja el sexenio priista estatal.<\/p>\n\n\n\n<p>Uno, el de Morena y dem\u00e1s partidos, a la usanza del priismo, trayendo a funcionarios federales, como el secretario de Gobernaci\u00f3n, o como la Jefa de Gobierno de la Ciudad de M\u00e9xico, a actos proselitistas.<\/p>\n\n\n\n<p>El otro criticando lo que tanto hac\u00eda, pero llevando al gobernador Alejandro Murat a un acto oficial, as\u00ed sea en domingo, y m\u00e1s criticable cuando era un d\u00eda de emergencia, a causa del hurac\u00e1n \u201cAgatha\u201d.<\/p>\n\n\n\n<p>LA CHIQUILLADA<\/p>\n\n\n\n<p>\u00bfY los otros cinco contendientes? Ninguno figur\u00f3, y no por falta de ganas, sino por falta de militantes.&nbsp;<\/p>\n\n\n\n<p>Es el caso de la panista Natividad D\u00edaz Jim\u00e9nez \u2014que insiste en ser beneficiaria, con su familia, de todos los cargos que se disputan en el PAN-, quien jam\u00e1s tuvo un mitin masivo.<\/p>\n\n\n\n<p>No estuvo en la mayor\u00eda de los medios de comunicaci\u00f3n, o en los m\u00e1s importantes, simplemente porque decidi\u00f3 no invertir, o invertir migajas, en la difusi\u00f3n de su imagen.<\/p>\n\n\n\n<p>Pretendi\u00f3 crecer con declaraciones estridentes e incluso el pasado fin de semana difundi\u00f3 un video en que presuntamente se escuchan disparos de arma de fuego, en un mitin en Miahuatl\u00e1n, aunque no se sabe si present\u00f3 denuncias ante la Fiscal\u00eda General del Estado o la respectiva en denuncias electorales.<\/p>\n\n\n\n<p>\u00bfBersa\u00edn L\u00f3pez? \u00bfQui\u00e9n es? Si al principio de la campa\u00f1a pretendi\u00f3 mostrar el m\u00fasculo, trayendo gente acarreada en la capital, se fue desfondando paulatinamente y s\u00f3lo en pocos municipios donde tiene presencia Nueva Alianza logr\u00f3 juntar un centenar de personas.<\/p>\n\n\n\n<p>Alejandra Garc\u00eda Morl\u00e1n, mucho menos; utiliz\u00f3 frases como \u201cpoliticuches\u201d, como calific\u00f3 a los dos principales contendientes, pero se mordi\u00f3 la lengua, pues de inmediato revelaron las prebendas que ha recibido del gobierno as\u00ed como las propiedades que ostenta. Quiz\u00e1 en el norte del pa\u00eds el Partido Movimiento Ciudadano tenga presencia, pero en Oaxaca hace mucho que ni siquiera existe; tampoco se le vio concentraciones multitudinarias.<\/p>\n\n\n\n<p>De los ind\u00edgenas independientes -o supuestos independientes-, poco qu\u00e9 decir; alegar\u00e1n, y con raz\u00f3n, de la inequitativa contienda, pero tampoco echaron mano de la imaginaci\u00f3n&nbsp;<\/p>\n\n\n\n<p>Jes\u00fas L\u00f3pez Rodr\u00edguez sigui\u00f3 escudado en la organizaci\u00f3n social FALP, afiliada \u00e9sta al PRD, pese a haber dejado dicha agrupaci\u00f3n hace mucho; pretendi\u00f3 enga\u00f1ar con la bandera de independiente, pero de todos es sabida su probada militancia perredista.<\/p>\n\n\n\n<p>Mientras que Mauricio Cruz Vargas hizo el esfuerzo, en la medida de sus posibilidades, y s\u00ed, es el \u00fanico con origen aut\u00e9nticamente ind\u00edgena y que fungi\u00f3 en cargos otorgados de manera tradicional por la gente.<\/p>\n\n\n\n<p>\u00bfA TRIBUNALES?<\/p>\n\n\n\n<p>De iniciar con una amplia ventaja en diversas encuestas, de cuando menos 40 puntos de diferencia, la distancia de Salom\u00f3n Jara con Alejandro Avil\u00e9s se acort\u00f3 paulatinamente.<\/p>\n\n\n\n<p>Por ejemplo, seg\u00fan el m\u00e1s reciente sondeo de Massive Caller, el candidato de Morena y dem\u00e1s partidos peque\u00f1os ten\u00eda 48.8 por ciento de preferencia, contra 29 por ciento de Alejandro Avil\u00e9s, es decir una diferencia menor a los 20 puntos.<\/p>\n\n\n\n<p>La semana pasada se difundi\u00f3 un sondeo de la empresa Rubrum, que dio a Salom\u00f3n Jara un 54 por ciento de preferencia contra un 18.2 por ciento de Alejandro Avil\u00e9s, es decir, una diferencia de poco m\u00e1s del 30 por ciento.<\/p>\n\n\n\n<p>En ambos casos, como en la mayor\u00eda de las encuestas que se difundieron, la poblaci\u00f3n que no se decid\u00eda es alta; de 9.1%, seg\u00fan Massive Caller, y de 16 por ciento seg\u00fan Rubrum.<\/p>\n\n\n\n<p>Por \u00faltimo, est\u00e1 latente el fantasma de abstencionismo que, de registrarse en niveles altos, beneficiar\u00edan al priista. Jara, por lo pronto, se dedic\u00f3 a recorrer pueblos y encabezar mitines, pero descuid\u00f3 a su imberbe equipo de estrategia, formado principalmente por sus hermanos, que tomaron decisiones incluso de incorporar a lo m\u00e1s rancio del PRI, ante el riesgo de un empate t\u00e9cnico, que no se descarta, y una posible resoluci\u00f3n en tribunales local y federales.<\/p>\n","protected":false},"excerpt":{"rendered":"<p>Ismael Garc\u00eda M.\/Zona Roja. Oaxaca de Ju\u00e1rez, Oax., 30 de mayo de 2022.- Tras casi&hellip;<\/p>\n","protected":false},"author":2,"featured_media":41735,"comment_status":"closed","ping_status":"open","sticky":false,"template":"","format":"standard","meta":{"_lmt_disableupdate":"","_lmt_disable":"","_jetpack_memberships_contains_paid_content":false,"footnotes":""},"categories":[456,109,48],"tags":[1353],"class_list":["post-41797","post","type-post","status-publish","format-standard","has-post-thumbnail","hentry","category-columna","category-minuto-a-minuto","category-zona-critica","tag-opinion-zona-critica"],"jetpack_featured_media_url":"https:\/\/zonaroja.com.mx\/wp-content\/uploads\/2022\/05\/Opinion-Ismael-Garcia-M.jpg","jetpack_sharing_enabled":true,"_links":{"self":[{"href":"https:\/\/zonaroja.com.mx\/index.php?rest_route=\/wp\/v2\/posts\/41797","targetHints":{"allow":["GET"]}}],"collection":[{"href":"https:\/\/zonaroja.com.mx\/index.php?rest_route=\/wp\/v2\/posts"}],"about":[{"href":"https:\/\/zonaroja.com.mx\/index.php?rest_route=\/wp\/v2\/types\/post"}],"author":[{"embeddable":true,"href":"https:\/\/zonaroja.com.mx\/index.php?rest_route=\/wp\/v2\/users\/2"}],"replies":[{"embeddable":true,"href":"https:\/\/zonaroja.com.mx\/index.php?rest_route=%2Fwp%2Fv2%2Fcomments&post=41797"}],"version-history":[{"count":2,"href":"https:\/\/zonaroja.com.mx\/index.php?rest_route=\/wp\/v2\/posts\/41797\/revisions"}],"predecessor-version":[{"id":41813,"href":"https:\/\/zonaroja.com.mx\/index.php?rest_route=\/wp\/v2\/posts\/41797\/revisions\/41813"}],"wp:featuredmedia":[{"embeddable":true,"href":"https:\/\/zonaroja.com.mx\/index.php?rest_route=\/wp\/v2\/media\/41735"}],"wp:attachment":[{"href":"https:\/\/zonaroja.com.mx\/index.php?rest_route=%2Fwp%2Fv2%2Fmedia&parent=41797"}],"wp:term":[{"taxonomy":"category","embeddable":true,"href":"https:\/\/zonaroja.com.mx\/index.php?rest_route=%2Fwp%2Fv2%2Fcategories&post=41797"},{"taxonomy":"post_tag","embeddable":true,"href":"https:\/\/zonaroja.com.mx\/index.php?rest_route=%2Fwp%2Fv2%2Ftags&post=41797"}],"curies":[{"name":"wp","href":"https:\/\/api.w.org\/{rel}","templated":true}]}}