{"id":41801,"date":"2022-05-30T08:19:12","date_gmt":"2022-05-30T13:19:12","guid":{"rendered":"http:\/\/www.zonaroja.com.mx\/?p=41801"},"modified":"2022-05-30T08:19:13","modified_gmt":"2022-05-30T13:19:13","slug":"marina-y-la-sedena-activan-plan-de-contingencia-en-la-costa-de-oaxaca","status":"publish","type":"post","link":"https:\/\/zonaroja.com.mx\/?p=41801","title":{"rendered":"Marina y la Sedena activan plan de contingencia en la Costa de Oaxaca"},"content":{"rendered":"\n<p>Redacci\u00f3n\/Zona Roja.<\/p>\n\n\n\n<p>Oaxaca de Ju\u00e1rez, Oax., 30 de mayo de 2022.- En apoyo a la poblaci\u00f3n en riesgo, las secretar\u00edas de la Defensa Nacional (Sedena) y de la Marina-Armada de M\u00e9xico (Semar) activaron desde el fin de semana planes de prevenci\u00f3n y contingencia, ante el hurac\u00e1n \u201cAgatha\u201d.<\/p>\n\n\n\n<p>La Semar inform\u00f3 a trav\u00e9s de la D\u00e9cimo Segunda Zona Naval que en coordinaci\u00f3n con autoridades de los tres \u00f3rdenes de gobierno, activ\u00f3 el Plan Marina en fase de Prevenci\u00f3n, en Salina Cruz, Puerto \u00c1ngel, Puerto Escondido y Huatulco.<\/p>\n\n\n\n<p>Ello con el objetivo principal de salvaguardar la vida humana; prever y reducir riesgos, adem\u00e1s de atender las posibles afectaciones a la poblaci\u00f3n, tras el inminente paso del hurac\u00e1n \u201cAgatha\u201d por el estado de Oaxaca.<\/p>\n\n\n\n<p>&nbsp;Derivado de lo anterior, el personal naval se ha preparado para brindar auxilio a la poblaci\u00f3n en caso de llegar a requerirse, por lo que, en determinada situaci\u00f3n, se desplegar\u00e1 el personal y equipo necesario para atender las emergencias por mar, aire y tierra.<\/p>\n\n\n\n<p>Cabe hacer menci\u00f3n que, durante la fase de Prevenci\u00f3n del Plan Marina, se llevan a cabo el conjunto de acciones y mecanismos tendientes a evitar o disminuir los efectos de un posible impacto de los fen\u00f3menos perturbadores probables o inminentes, que puedan afectar la vida y bienes de la poblaci\u00f3n.&nbsp;<\/p>\n\n\n\n<p>Adem\u00e1s, el Plan Marina forma parte del Programa Nacional de Protecci\u00f3n Civil y efect\u00faa, en coordinaci\u00f3n con autoridades de los tres \u00f3rdenes de Gobierno y del sector privado, labores de alistamiento con los grupos de apoyo m\u00f3vil de la Armada de M\u00e9xico.<\/p>\n\n\n\n<p>Por lo anterior, la Secretar\u00eda de Marina-Armada de M\u00e9xico hace un llamado a toda la poblaci\u00f3n, para atender las recomendaciones de las autoridades de Protecci\u00f3n Civil, durante el seguimiento de la evoluci\u00f3n del fen\u00f3meno meteorol\u00f3gico; de igual forma, para atenci\u00f3n de emergencias, pone a disposici\u00f3n el n\u00famero telef\u00f3nico 800 MARINA 1 (800 6274621).<\/p>\n","protected":false},"excerpt":{"rendered":"<p>Redacci\u00f3n\/Zona Roja. Oaxaca de Ju\u00e1rez, Oax., 30 de mayo de 2022.- En apoyo a la&hellip;<\/p>\n","protected":false},"author":2,"featured_media":41802,"comment_status":"closed","ping_status":"open","sticky":false,"template":"","format":"standard","meta":{"_lmt_disableupdate":"","_lmt_disable":"","_jetpack_memberships_contains_paid_content":false,"footnotes":""},"categories":[109,47],"tags":[3154],"class_list":["post-41801","post","type-post","status-publish","format-standard","has-post-thumbnail","hentry","category-minuto-a-minuto","category-zona-gris","tag-huracan-agatha"],"jetpack_featured_media_url":"https:\/\/zonaroja.com.mx\/wp-content\/uploads\/2022\/05\/alerta-bandera-roja-oleaje-playas-mar.jpg","jetpack_sharing_enabled":true,"_links":{"self":[{"href":"https:\/\/zonaroja.com.mx\/index.php?rest_route=\/wp\/v2\/posts\/41801","targetHints":{"allow":["GET"]}}],"collection":[{"href":"https:\/\/zonaroja.com.mx\/index.php?rest_route=\/wp\/v2\/posts"}],"about":[{"href":"https:\/\/zonaroja.com.mx\/index.php?rest_route=\/wp\/v2\/types\/post"}],"author":[{"embeddable":true,"href":"https:\/\/zonaroja.com.mx\/index.php?rest_route=\/wp\/v2\/users\/2"}],"replies":[{"embeddable":true,"href":"https:\/\/zonaroja.com.mx\/index.php?rest_route=%2Fwp%2Fv2%2Fcomments&post=41801"}],"version-history":[{"count":1,"href":"https:\/\/zonaroja.com.mx\/index.php?rest_route=\/wp\/v2\/posts\/41801\/revisions"}],"predecessor-version":[{"id":41803,"href":"https:\/\/zonaroja.com.mx\/index.php?rest_route=\/wp\/v2\/posts\/41801\/revisions\/41803"}],"wp:featuredmedia":[{"embeddable":true,"href":"https:\/\/zonaroja.com.mx\/index.php?rest_route=\/wp\/v2\/media\/41802"}],"wp:attachment":[{"href":"https:\/\/zonaroja.com.mx\/index.php?rest_route=%2Fwp%2Fv2%2Fmedia&parent=41801"}],"wp:term":[{"taxonomy":"category","embeddable":true,"href":"https:\/\/zonaroja.com.mx\/index.php?rest_route=%2Fwp%2Fv2%2Fcategories&post=41801"},{"taxonomy":"post_tag","embeddable":true,"href":"https:\/\/zonaroja.com.mx\/index.php?rest_route=%2Fwp%2Fv2%2Ftags&post=41801"}],"curies":[{"name":"wp","href":"https:\/\/api.w.org\/{rel}","templated":true}]}}