{"id":41808,"date":"2022-05-31T11:43:00","date_gmt":"2022-05-31T16:43:00","guid":{"rendered":"http:\/\/www.zonaroja.com.mx\/?p=41808"},"modified":"2022-05-31T15:23:40","modified_gmt":"2022-05-31T20:23:40","slug":"al-menos-1556-policias-asesinados-en-el-gobierno-de-amlo","status":"publish","type":"post","link":"https:\/\/zonaroja.com.mx\/?p=41808","title":{"rendered":"Al menos 1,556 polic\u00edas asesinados en el gobierno de AMLO"},"content":{"rendered":"\n<p>Redacci\u00f3n\/Estado 20.&nbsp;<\/p>\n\n\n\n<p>Oaxaca de Ju\u00e1rez, Oax., 31 de mayo de 2022.- Para dar cuenta del abandono institucional que viven las polic\u00edas en M\u00e9xico,\u00a0Causa en Com\u00fan\u00a0realiz\u00f3 el informe \u201cLa situaci\u00f3n de las polic\u00edas 2018-2022\u201d, trabajo que agrupa diversas investigaciones realizadas por la organizaci\u00f3n.\u00a0<\/p>\n\n\n\n<p>Para discutir los resultados del estudio, se convoc\u00f3 a un foro con especialistas en seguridad. Participaron Miguel Garza Flores, director ejecutivo del Instituto para la Seguridad y la Democracia (INSYDE); Alexandra Zapata Hojel, investigadora y activista; Mart\u00edn Carlos S\u00e1nchez Bocanegra, presidente de la Red Impulsando la Justicia; Rodrigo Mart\u00ednez-Celis Wogau, secretario de Seguridad del Estado de M\u00e9xico, y Mar\u00eda Elena Morera, presidenta de&nbsp;Causa en Com\u00fan.<\/p>\n\n\n\n<p>Durante el actual gobierno, el Fondo de Aportaciones para la Seguridad P\u00fablica (FASP) se ha estancado y el Subsidio para el fortalecimiento del desempe\u00f1o en materia de seguridad p\u00fablica a los municipios y demarcaciones territoriales de la Ciudad de M\u00e9xico (FORTASEG) fue eliminado.&nbsp;<\/p>\n\n\n\n<p>Adem\u00e1s, se ha constatado la precariedad laboral de los polic\u00edas, quienes trabajan turnos de 24 horas o m\u00e1s, sin sueldos y prestaciones adecuados, no cuentan con equipamiento ni capacitaci\u00f3n suficientes y, en algunos casos, soportan tratos denigrantes y violencia al interior de sus corporaciones.&nbsp;<\/p>\n\n\n\n<p>Lo anterior explica que, en el actual sexenio se hayan registrado al menos 129 paros, 51 emplazamientos a paro y 73 manifestaciones de polic\u00edas en la mayor\u00eda de los estados del pa\u00eds. Adem\u00e1s, de acuerdo a registros period\u00edsticos, en lo que va del sexenio se han contabilizado al menos 1,556 asesinatos de polic\u00edas, lo que significa m\u00e1s de uno al d\u00eda en promedio.<\/p>\n\n\n\n<p>En contrapartida, la militarizaci\u00f3n de la seguridad p\u00fablica y de otras funciones civiles avanza sin pausa y sin resultados. En el actual sexenio, se ha incrementado el despliegue de las Fuerzas Armadas, al tiempo que se incrementan sus presupuestos y se abusa de su lealtad endilg\u00e1ndoles innumerables funciones que corresponden al \u00e1mbito civil. Cabe subrayar que este fortalecimiento de las Fuerzas Armadas ocurre en detrimento de las corporaciones de polic\u00edas.<\/p>\n\n\n\n<p>En su participaci\u00f3n, Miguel Garza Flores coment\u00f3 que \u201cel estilo militar que se imprime en la polic\u00eda es muy da\u00f1ino y transmite un mensaje parecido a la opresi\u00f3n, a la obediencia ciega y eso es lo que tiene as\u00ed a la polic\u00eda.&nbsp;<\/p>\n\n\n\n<p>Esa obediencia los hace aceptar mala paga, y malos horarios y no les permite ver que son profesionales que no merecen ning\u00fan maltrato, que merecen un sueldo digno, que le apliquen todo lo que marca la ley federal del trabajo, que para las polic\u00edas no aplica.\u201d<\/p>\n\n\n\n<p>En tanto, Alexandra Zapata Hoje mencion\u00f3: \u201cA los polic\u00edas les estamos fallando todos los d\u00edas, son carne de ca\u00f1\u00f3n de un sistema absolutamente disfuncional. Debemos de trabajar much\u00edsimo en cambiar la percepci\u00f3n que tenemos y generar una relaci\u00f3n con m\u00e1s empat\u00eda y respeto con los polic\u00edas.\u201d<\/p>\n\n\n\n<p>Mart\u00edn Carlos S\u00e1nchez Bocanegra afirm\u00f3 que hace 6 a\u00f1os se hab\u00edan mejorado las condiciones de un salario digno a las polic\u00edas, pero con la militarizaci\u00f3n se ha tenido un retraso de 10 a\u00f1os: \u201ces prioritario abordar el modelo policial para despu\u00e9s atender la prevenci\u00f3n del delito e incrementar los niveles de seguridad p\u00fablica.\u201d<\/p>\n\n\n\n<p>Rodrigo Mart\u00ednez-Celis Wogau se refiri\u00f3 al problema del presupuesto. Explic\u00f3 que: \u201cexiste un andamiaje legal que dificulta tareas como la desincorporaci\u00f3n de patrullas y equipo obsoleto, as\u00ed como la mejora de salarios y la coordinaci\u00f3n territorial\u201d.&nbsp;<\/p>\n\n\n\n<p>Las leyes indican que todos (federaci\u00f3n, estados y municipios) son responsables de la seguridad p\u00fablica, sin definir \u00e1mbitos precisos, entonces se deja el problema abierto y nadie es realmente responsable. Tambi\u00e9n dijo que: \u201chay mecanismos de supervisi\u00f3n que se han pervertido y generan falta de confianza entre las polic\u00edas al momento de usar la fuerza\u201d.<\/p>\n\n\n\n<p>En su participaci\u00f3n, Mar\u00eda Elena Morera afirm\u00f3 que la situaci\u00f3n que enfrentan las corporaciones polic\u00edacas \u201ces a\u00fan peor que la que enfrentaban hace algunos a\u00f1os, m\u00e1s a\u00fan cuando el proyecto militarista de este gobierno avanza en detrimento de la seguridad y la protecci\u00f3n institucional de los polic\u00edas del pa\u00eds\u201d.&nbsp;<\/p>\n\n\n\n<p>Se\u00f1al\u00f3 que, \u201cse requiere de presupuesto para fortalecer las capacidades de las polic\u00edas, que gocen de un salario digno, que cuenten con mejor equipamiento y con mayor profesionalizaci\u00f3n, y que tengan garantizados otros derechos laborales como prestaciones, seguro de vida y acceso a la seguridad social\u201d.<\/p>\n","protected":false},"excerpt":{"rendered":"<p>Redacci\u00f3n\/Estado 20.&nbsp; Oaxaca de Ju\u00e1rez, Oax., 31 de mayo de 2022.- Para dar cuenta del&hellip;<\/p>\n","protected":false},"author":2,"featured_media":5720,"comment_status":"closed","ping_status":"open","sticky":false,"template":"","format":"standard","meta":{"_lmt_disableupdate":"","_lmt_disable":"","_jetpack_memberships_contains_paid_content":false,"footnotes":""},"categories":[109,47],"tags":[],"class_list":["post-41808","post","type-post","status-publish","format-standard","has-post-thumbnail","hentry","category-minuto-a-minuto","category-zona-gris"],"jetpack_featured_media_url":"https:\/\/zonaroja.com.mx\/wp-content\/uploads\/2019\/11\/Masacre-polic\u00edas-Coatl\u00e1n-1.jpg","jetpack_sharing_enabled":true,"_links":{"self":[{"href":"https:\/\/zonaroja.com.mx\/index.php?rest_route=\/wp\/v2\/posts\/41808","targetHints":{"allow":["GET"]}}],"collection":[{"href":"https:\/\/zonaroja.com.mx\/index.php?rest_route=\/wp\/v2\/posts"}],"about":[{"href":"https:\/\/zonaroja.com.mx\/index.php?rest_route=\/wp\/v2\/types\/post"}],"author":[{"embeddable":true,"href":"https:\/\/zonaroja.com.mx\/index.php?rest_route=\/wp\/v2\/users\/2"}],"replies":[{"embeddable":true,"href":"https:\/\/zonaroja.com.mx\/index.php?rest_route=%2Fwp%2Fv2%2Fcomments&post=41808"}],"version-history":[{"count":2,"href":"https:\/\/zonaroja.com.mx\/index.php?rest_route=\/wp\/v2\/posts\/41808\/revisions"}],"predecessor-version":[{"id":41847,"href":"https:\/\/zonaroja.com.mx\/index.php?rest_route=\/wp\/v2\/posts\/41808\/revisions\/41847"}],"wp:featuredmedia":[{"embeddable":true,"href":"https:\/\/zonaroja.com.mx\/index.php?rest_route=\/wp\/v2\/media\/5720"}],"wp:attachment":[{"href":"https:\/\/zonaroja.com.mx\/index.php?rest_route=%2Fwp%2Fv2%2Fmedia&parent=41808"}],"wp:term":[{"taxonomy":"category","embeddable":true,"href":"https:\/\/zonaroja.com.mx\/index.php?rest_route=%2Fwp%2Fv2%2Fcategories&post=41808"},{"taxonomy":"post_tag","embeddable":true,"href":"https:\/\/zonaroja.com.mx\/index.php?rest_route=%2Fwp%2Fv2%2Ftags&post=41808"}],"curies":[{"name":"wp","href":"https:\/\/api.w.org\/{rel}","templated":true}]}}