{"id":41810,"date":"2022-05-30T08:46:57","date_gmt":"2022-05-30T13:46:57","guid":{"rendered":"http:\/\/www.zonaroja.com.mx\/?p=41810"},"modified":"2022-05-30T08:46:58","modified_gmt":"2022-05-30T13:46:58","slug":"no-les-fallare-dice-salomon-jara-a-oaxaquenos-desde-el-istmo","status":"publish","type":"post","link":"https:\/\/zonaroja.com.mx\/?p=41810","title":{"rendered":"No les fallar\u00e9, dice Salom\u00f3n Jara a oaxaque\u00f1os desde el Istmo"},"content":{"rendered":"\n<p>Redacci\u00f3n\/Zona Roja.<\/p>\n\n\n\n<p>Oaxaca de Ju\u00e1rez, Oax., 30 de mayo de 2022.- Durante su mitin pol\u00edtico en la Heroica Ciudad de Juchit\u00e1n de Zaragoza, Salom\u00f3n Jara Cruz, candidato al Gobierno del Estado por la Coalici\u00f3n \u201cJuntos Hacemos Historia en Oaxaca\u201d, empe\u00f1\u00f3 su palabra a este pueblo zapoteco, de trabajar incansablemente por su desarrollo.<\/p>\n\n\n\n<p>Ante miles de militantes, simpatizantes de Morena y ciudadan\u00eda en general que coreaban \u00a1Gobernador, Gobernador!, Jara Cruz pidi\u00f3 al pueblo zapoteco que participe el pr\u00f3ximo 5 de junio en las urnas, y hacer historia en Oaxaca.<\/p>\n\n\n\n<p>\u201cS\u00ed podemos acabar con este periodo de marginaci\u00f3n y pobreza, y mejorar las condiciones de nuestra gente; podemos tener hospitales de primera, centros de salud, m\u00e9dicos, enfermeras, especialistas y medicamentos accesibles para todas las familias\u201d, indic\u00f3.<\/p>\n\n\n\n<p>El abanderado de la esperanza asegur\u00f3 que tras obtener el triunfo el pr\u00f3ximo domingo, no le fallar\u00e1 a Juchit\u00e1n ni a ning\u00fan municipio del Istmo de Tehuantepec.&nbsp;<\/p>\n\n\n\n<p>Asegur\u00f3 que, se apoyar\u00e1 la cultura de los pueblos del Istmo, a las artesanas, artistas, la gastronom\u00eda, la vestimenta y la m\u00fasica, \u201cimpulsaremos que el mundo conozca m\u00e1s de Oaxaca y Oaxaca salga al mundo\u201d, abund\u00f3.<\/p>\n\n\n\n<p>Afirm\u00f3 que, la Cuarta Transformaci\u00f3n llegar\u00e1 para acabar con los privilegios, la corrupci\u00f3n, la impunidad y la inseguridad. \u201cAhora ser\u00e1 el pueblo el que tenga en sus manos el destino y futuro del Estado, vamos a cumplir el anhelado sue\u00f1o de tener justicia para todos, democracia, libertad y bienestar en todo el Istmo de Tehuantepec y todo Oaxaca\u201d, sostuvo.<\/p>\n","protected":false},"excerpt":{"rendered":"<p>Redacci\u00f3n\/Zona Roja. Oaxaca de Ju\u00e1rez, Oax., 30 de mayo de 2022.- Durante su mitin pol\u00edtico&hellip;<\/p>\n","protected":false},"author":2,"featured_media":41811,"comment_status":"closed","ping_status":"open","sticky":false,"template":"","format":"standard","meta":{"_lmt_disableupdate":"","_lmt_disable":"","_jetpack_memberships_contains_paid_content":false,"footnotes":""},"categories":[109,46],"tags":[939],"class_list":["post-41810","post","type-post","status-publish","format-standard","has-post-thumbnail","hentry","category-minuto-a-minuto","category-zona-blanca","tag-salomon-jara-cruz"],"jetpack_featured_media_url":"https:\/\/zonaroja.com.mx\/wp-content\/uploads\/2022\/05\/Salomon-Jara-en-Juchitan.jpg","jetpack_sharing_enabled":true,"_links":{"self":[{"href":"https:\/\/zonaroja.com.mx\/index.php?rest_route=\/wp\/v2\/posts\/41810","targetHints":{"allow":["GET"]}}],"collection":[{"href":"https:\/\/zonaroja.com.mx\/index.php?rest_route=\/wp\/v2\/posts"}],"about":[{"href":"https:\/\/zonaroja.com.mx\/index.php?rest_route=\/wp\/v2\/types\/post"}],"author":[{"embeddable":true,"href":"https:\/\/zonaroja.com.mx\/index.php?rest_route=\/wp\/v2\/users\/2"}],"replies":[{"embeddable":true,"href":"https:\/\/zonaroja.com.mx\/index.php?rest_route=%2Fwp%2Fv2%2Fcomments&post=41810"}],"version-history":[{"count":1,"href":"https:\/\/zonaroja.com.mx\/index.php?rest_route=\/wp\/v2\/posts\/41810\/revisions"}],"predecessor-version":[{"id":41812,"href":"https:\/\/zonaroja.com.mx\/index.php?rest_route=\/wp\/v2\/posts\/41810\/revisions\/41812"}],"wp:featuredmedia":[{"embeddable":true,"href":"https:\/\/zonaroja.com.mx\/index.php?rest_route=\/wp\/v2\/media\/41811"}],"wp:attachment":[{"href":"https:\/\/zonaroja.com.mx\/index.php?rest_route=%2Fwp%2Fv2%2Fmedia&parent=41810"}],"wp:term":[{"taxonomy":"category","embeddable":true,"href":"https:\/\/zonaroja.com.mx\/index.php?rest_route=%2Fwp%2Fv2%2Fcategories&post=41810"},{"taxonomy":"post_tag","embeddable":true,"href":"https:\/\/zonaroja.com.mx\/index.php?rest_route=%2Fwp%2Fv2%2Ftags&post=41810"}],"curies":[{"name":"wp","href":"https:\/\/api.w.org\/{rel}","templated":true}]}}