{"id":41818,"date":"2022-05-30T18:24:25","date_gmt":"2022-05-30T23:24:25","guid":{"rendered":"http:\/\/www.zonaroja.com.mx\/?p=41818"},"modified":"2022-05-30T18:24:27","modified_gmt":"2022-05-30T23:24:27","slug":"impacta-huracan-agatha-categoria-2-en-oaxaca-reportan-primeros-danos","status":"publish","type":"post","link":"https:\/\/zonaroja.com.mx\/?p=41818","title":{"rendered":"Impacta hurac\u00e1n \u201cAgatha\u201d categor\u00eda 2 en Oaxaca; reportan primeros da\u00f1os"},"content":{"rendered":"\n<p>Redacci\u00f3n\/Zona Roja.<\/p>\n\n\n\n<p>Oaxaca de Ju\u00e1rez, Oax., 30 de mayo de 2022.- A las 15:30 horas ingres\u00f3 el hurac\u00e1n \u201cAgatha\u201d en categor\u00eda 2 a territorio oaxaque\u00f1o.<\/p>\n\n\n\n<p>Fue en inmediaciones de la localidad La Redonda, San Pedro Pochutla, aproximadamente a 10 kil\u00f3metros al oeste de Puerto \u00c1ngel, en que impact\u00f3 el fen\u00f3meno hidrometeorol\u00f3gico, cuyas intensas lluvias han comenzado a generar da\u00f1os principalmente en v\u00edas de comunicaci\u00f3n.<\/p>\n\n\n\n<p>De acuerdo con la Coordinaci\u00f3n Estatal de Protecci\u00f3n Civil de Oaxaca, presenta vientos m\u00e1ximos sostenidos de 165 kil\u00f3metros por hora (km\/h) con rachas de 205 km\/h y desplazamiento hacia el noreste a 13 km\/h, afectando las regiones de la Sierra Sur, Istmo, Cuenca del Papaloapan y Sierra Mazateca.<\/p>\n\n\n\n<p>Se pronostica que, en las pr\u00f3ximas horas de la noche, se vaya degradando, con posibilidad que salga como una baja presi\u00f3n o como depresi\u00f3n tropical sobre el Golfo de M\u00e9xico en los pr\u00f3ximos d\u00edas.<\/p>\n\n\n\n<p>Ante ello, reiter\u00f3 su exhorto a la poblaci\u00f3n para tomar precauciones, mantenerse informado por fuentes oficiales y atender las recomendaciones de Protecci\u00f3n Civil.<\/p>\n\n\n\n<p>Las intensas lluvias han comenzado a generar deslaves y crecidas de r\u00edos y arroyos, as\u00ed como cierres parciales en la carretera Oaxaca-Puerto \u00c1ngel y Oaxaca-Puerto Escondido, por la ca\u00edda de rocas.<\/p>\n\n\n\n<figure class=\"wp-block-embed is-type-rich is-provider-twitter wp-block-embed-twitter\"><div class=\"wp-block-embed__wrapper\">\n<div class=\"twitter-tweet\"><blockquote class=\"twitter-tweet\" data-lang=\"es\"><p lang=\"es\" dir=\"ltr\"><a href=\"https:\/\/twitter.com\/hashtag\/%C3%9AltimoMinuto?src=hash&amp;ref_src=twsrc%5Etfw\">#\u00daltimoMinuto<\/a> <br>A las 15:30 horas entr\u00f3 a tierra el <a href=\"https:\/\/twitter.com\/hashtag\/hurac%C3%A1n?src=hash&amp;ref_src=twsrc%5Etfw\">#hurac\u00e1n<\/a> \u201c\u00c1gatha\u201d, en las inmediaciones de la comunidad La Redonda, San Pedro Pochutla, <a href=\"https:\/\/twitter.com\/hashtag\/Oaxaca?src=hash&amp;ref_src=twsrc%5Etfw\">#Oaxaca<\/a>, con vientos m\u00e1ximos de 165 Km\/h y rachas de 205 Km\/h, con un desplazamiento al noreste de 13 Km\/h. <a href=\"https:\/\/t.co\/NemksNtXgO\">pic.twitter.com\/NemksNtXgO<\/a><\/p>&mdash; Zona Roja Oaxaca (@ZonaRoja_Oaxaca) <a href=\"https:\/\/twitter.com\/ZonaRoja_Oaxaca\/status\/1531390905181151232?ref_src=twsrc%5Etfw\">30 de mayo de 2022<\/a><\/blockquote><\/div>\n<\/div><\/figure>\n\n\n\n<p>EMITEN DECLARATORIA<\/p>\n\n\n\n<p>Por otra parte, se inform\u00f3 que la Coordinaci\u00f3n Nacional de Protecci\u00f3n Civil emiti\u00f3 una Declaratoria de Emergencia Extraordinaria en la entidad, para los municipios de Santa Mar\u00eda Colotepec, Santo Domingo de Morelos, San Pedro Pochutla, Santa Mar\u00eda Huatulco, San Miguel del Puerto y San Pedro Huamelula.<\/p>\n\n\n\n<p>Con esta acci\u00f3n se activan los recursos del Programa para la Atenci\u00f3n de Emergencias por Amenazas Naturales.&nbsp;<\/p>\n\n\n\n<p>Por lo que, a partir de esta Declaratoria, solicitada por el gobierno estatal, las autoridades contar\u00e1n con recursos para atender las necesidades alimenticias, de abrigo y salud de la poblaci\u00f3n afectada.<\/p>\n\n\n\n<p>APOYA LA SSPO<\/p>\n\n\n\n<p>En tanto, la Secretar\u00eda de Seguridad P\u00fablica de Oaxaca (SSPO), informa que, en coordinaci\u00f3n con autoridades de los tres \u00f3rdenes de gobierno, activaron desde el fin de semana el \u201cPlan Estatal de Auxilio a la Poblaci\u00f3n\u201d con el fin de atender las posibles afectaciones tras el inminente paso del hurac\u00e1n \u201cAgatha\u201d por la entidad oaxaque\u00f1a.<\/p>\n\n\n\n<p>Entre estas acciones de prevenci\u00f3n y siguiendo las instrucciones del Gobernador de Oaxaca, la SSPO indica que ha desplegado en la regi\u00f3n de la Costa un estado de fuerza de al menos 200 elementos de la corporaci\u00f3n, entre personal de la Polic\u00eda Estatal, Polic\u00eda Tur\u00edstica, Polic\u00eda Auxiliar Bancaria, Industrial y Comercial (PABIC), Polic\u00eda Vial Estatal y el Heroico Cuerpo de Bomberos, para salvaguardar la integridad f\u00edsica y patrimonial de la poblaci\u00f3n.<\/p>\n\n\n\n<p>Este despliegue se realiza en las comunidades, playas y colonias de Puerto Escondido, Puerto \u00c1ngel, Salina Cruz y Huatulco, asimismo han emprendido junto con personal de la Guardia Nacional, las Secretar\u00edas de la Defensa Nacional (Sedena), de la Marina-Armada de M\u00e9xico (Semar) y Protecci\u00f3n Civil Federal y Estatal, acciones preventivas y de vigilancia en zonas como la Mixteca, Cuenca del Papaloapan y la Sierra Sur donde se prev\u00e9 afecte el hurac\u00e1n.<\/p>\n\n\n\n<p>Entre las estrategias implementadas, se encuentran operativos en vialidades de las ocho regiones de la entidad a fin de evitar accidentes carreteros ante posibles deslaves. Adem\u00e1s de auxiliar a los prestadores de servicios de las diferentes playas y emitir recomendaciones preventivas de auxilio a la poblaci\u00f3n que se encuentra en zonas como r\u00edos o arroyos.<\/p>\n","protected":false},"excerpt":{"rendered":"<p>Redacci\u00f3n\/Zona Roja. Oaxaca de Ju\u00e1rez, Oax., 30 de mayo de 2022.- A las 15:30 horas&hellip;<\/p>\n","protected":false},"author":2,"featured_media":41819,"comment_status":"closed","ping_status":"open","sticky":false,"template":"","format":"standard","meta":{"_lmt_disableupdate":"","_lmt_disable":"","_jetpack_memberships_contains_paid_content":false,"footnotes":""},"categories":[109,46],"tags":[3154],"class_list":["post-41818","post","type-post","status-publish","format-standard","has-post-thumbnail","hentry","category-minuto-a-minuto","category-zona-blanca","tag-huracan-agatha"],"jetpack_featured_media_url":"https:\/\/zonaroja.com.mx\/wp-content\/uploads\/2022\/05\/Huaran-Agatha-Oaxaca-Cruz-Roja.jpg","jetpack_sharing_enabled":true,"_links":{"self":[{"href":"https:\/\/zonaroja.com.mx\/index.php?rest_route=\/wp\/v2\/posts\/41818","targetHints":{"allow":["GET"]}}],"collection":[{"href":"https:\/\/zonaroja.com.mx\/index.php?rest_route=\/wp\/v2\/posts"}],"about":[{"href":"https:\/\/zonaroja.com.mx\/index.php?rest_route=\/wp\/v2\/types\/post"}],"author":[{"embeddable":true,"href":"https:\/\/zonaroja.com.mx\/index.php?rest_route=\/wp\/v2\/users\/2"}],"replies":[{"embeddable":true,"href":"https:\/\/zonaroja.com.mx\/index.php?rest_route=%2Fwp%2Fv2%2Fcomments&post=41818"}],"version-history":[{"count":1,"href":"https:\/\/zonaroja.com.mx\/index.php?rest_route=\/wp\/v2\/posts\/41818\/revisions"}],"predecessor-version":[{"id":41820,"href":"https:\/\/zonaroja.com.mx\/index.php?rest_route=\/wp\/v2\/posts\/41818\/revisions\/41820"}],"wp:featuredmedia":[{"embeddable":true,"href":"https:\/\/zonaroja.com.mx\/index.php?rest_route=\/wp\/v2\/media\/41819"}],"wp:attachment":[{"href":"https:\/\/zonaroja.com.mx\/index.php?rest_route=%2Fwp%2Fv2%2Fmedia&parent=41818"}],"wp:term":[{"taxonomy":"category","embeddable":true,"href":"https:\/\/zonaroja.com.mx\/index.php?rest_route=%2Fwp%2Fv2%2Fcategories&post=41818"},{"taxonomy":"post_tag","embeddable":true,"href":"https:\/\/zonaroja.com.mx\/index.php?rest_route=%2Fwp%2Fv2%2Ftags&post=41818"}],"curies":[{"name":"wp","href":"https:\/\/api.w.org\/{rel}","templated":true}]}}