{"id":41826,"date":"2022-05-30T21:30:12","date_gmt":"2022-05-31T02:30:12","guid":{"rendered":"http:\/\/www.zonaroja.com.mx\/?p=41826"},"modified":"2022-05-30T21:30:14","modified_gmt":"2022-05-31T02:30:14","slug":"registra-oaxaca-al-menos-siete-protestas-este-lunes","status":"publish","type":"post","link":"https:\/\/zonaroja.com.mx\/?p=41826","title":{"rendered":"Registra Oaxaca al menos siete protestas este lunes"},"content":{"rendered":"\n<p>Yuridiana Sosa\/Redacci\u00f3n\/Zona Roja.<\/p>\n\n\n\n<p>Oaxaca de Ju\u00e1rez, Oax., 30 de mayo de 2022.- Ni las lluvias ni la amenaza del hurac\u00e1n \u201cAgatha\u201d impidieron las protestas en Oaxaca y este lunes se registraron al menos siete movilizaciones en la entidad, principalmente en las regiones Valles Centrales e Istmo.<\/p>\n\n\n\n<p>POR EL AGUA<\/p>\n\n\n\n<p>Habitantes de 16 comunidades zapotecas de Valles Centrales, agrupadas en la Coordinadora de Pueblos Unidos por el Cuidado y Defensa del Agua (Copuda) \u201ctomaron\u201d las oficinas de la Comisi\u00f3n Nacional del Agua (Conagua) en la capital del estado, ante la omisi\u00f3n de otorgar la concesi\u00f3n comunitaria ind\u00edgena aprobada desde noviembre de 2021.<\/p>\n\n\n\n<p>Los afectados exigieron a un di\u00e1logo directo con el titular de Conagua a nivel federal, Germ\u00e1n Mart\u00ednez Santoyo, para el cumplimiento del decreto presidencial para la entrega de este permiso, pues el Organismo de Cuenca Pac\u00edfico Sur, ubicado en la ciudad de Oaxaca, mantiene una evidente desatenci\u00f3n y violaciones a sus derechos, los cuales por a\u00f1os ha impactado en el bienestar de los pueblos originarios.<\/p>\n\n\n\n<figure class=\"wp-block-embed is-type-rich is-provider-twitter wp-block-embed-twitter\"><div class=\"wp-block-embed__wrapper\">\n<div class=\"twitter-tweet\"><blockquote class=\"twitter-tweet\" data-lang=\"es\"><p lang=\"es\" dir=\"ltr\"><a href=\"https:\/\/twitter.com\/hashtag\/%C3%9AltimoMinuto?src=hash&amp;ref_src=twsrc%5Etfw\">#\u00daltimoMinuto<\/a> <br>Como todos los lunes -y como todos los d\u00edas-, las protestas se intensifican en <a href=\"https:\/\/twitter.com\/hashtag\/Oaxaca?src=hash&amp;ref_src=twsrc%5Etfw\">#Oaxaca<\/a>. <br>Campesinos mantienen su protesta y bloqueo en oficinas de la <a href=\"https:\/\/twitter.com\/Conagua_Oaxaca?ref_src=twsrc%5Etfw\">@Conagua_Oaxaca<\/a>, para exigir cumplimiento al retiro del decreto de veda de agua. <a href=\"https:\/\/t.co\/81iTmpbeWS\">pic.twitter.com\/81iTmpbeWS<\/a><\/p>&mdash; Zona Roja Oaxaca (@ZonaRoja_Oaxaca) <a href=\"https:\/\/twitter.com\/ZonaRoja_Oaxaca\/status\/1531324845220368384?ref_src=twsrc%5Etfw\">30 de mayo de 2022<\/a><\/blockquote><\/div>\n<\/div><\/figure>\n\n\n\n<p>Con la publicaci\u00f3n del Decreto, por parte de&nbsp;la Secretar\u00eda de Medio Ambiente y Recursos Naturales, en noviembre de 2021, concluy\u00f3 el periodo de veda de 16 a\u00f1os para el uso del vital l\u00edquido para la agricultura para las comunidades del valle de Ocotl\u00e1n, Zimatl\u00e1n y Ejutla.<\/p>\n\n\n\n<p>Sin embargo, a seis meses del hecho, la Conagua en Oaxaca no muestra voluntad pol\u00edtica para que la veda tenga fin en los hechos, apunt\u00f3 la dirigencia de Copuda.<\/p>\n\n\n\n<p>Ante esta situaci\u00f3n, decidieron movilizarse para evidenciar la falta de atenci\u00f3n a un mandato de ley, as\u00ed como para demandar que el tr\u00e1mite para la emisi\u00f3n de la concesi\u00f3n se concentre a nivel federal a trav\u00e9s de la subdirecci\u00f3n de administraci\u00f3n.<\/p>\n\n\n\n<p>EN LA CAPITAL<\/p>\n\n\n\n<p>Adem\u00e1s de esa manifestaci\u00f3n, por la ma\u00f1ana organizaciones sociales marcharon de la explanada de Santo Domingo de Guzm\u00e1n al z\u00f3calo, para exigir justicia los los hechos violentos sucedidos el 14 de junio de 2016 en Asunci\u00f3n Nochixtl\u00e1n.<\/p>\n\n\n\n<p>Previo a ello, bloquearon por unas horas la avenida Independencia, en el Centro Hist\u00f3rico. De acuerdo con el profesor Santiago Ambrosio Hern\u00e1ndez, si bien hay algunas aprehensiones y existe un juicio, a\u00fan falta por juzgar al ex gobernador de Oaxaca, Gabino Cu\u00e9 Monteagudo.<\/p>\n\n\n\n<p>EN CONGRESO<\/p>\n\n\n\n<p>A la misma hora, pero en la sede de la C\u00e1mara de Diputados de Oaxaca, en San Raymundo Jalpan, un grupo de trabajadores de base protest\u00f3 para exigir se impida que se concrete el otorgamiento de al menos 60 bases laborales en dicho \u00f3rgano.<\/p>\n\n\n\n<p>Por ello colocaron cartulinas en el exterior, a fin de exigir a la presidenta de la Junta de Coordinaci\u00f3n Pol\u00edtica, impida que se otorguen; no obstante, hay una resoluci\u00f3n judicial a favor de los basificados.<\/p>\n\n\n\n<figure class=\"wp-block-embed is-type-rich is-provider-twitter wp-block-embed-twitter\"><div class=\"wp-block-embed__wrapper\">\n<div class=\"twitter-tweet\"><blockquote class=\"twitter-tweet\" data-lang=\"es\"><p lang=\"es\" dir=\"ltr\"><a href=\"https:\/\/twitter.com\/hashtag\/%C3%9AltimoMinuto?src=hash&amp;ref_src=twsrc%5Etfw\">#\u00daltimoMinuto<\/a> <br>No cesan los problemas del rector <a href=\"https:\/\/twitter.com\/RectorCristian?ref_src=twsrc%5Etfw\">@RectorCristian<\/a> en la <a href=\"https:\/\/twitter.com\/UABJO?ref_src=twsrc%5Etfw\">@UABJO<\/a>.<br>Pese a que supuestamente hab\u00eda dialogado y acordado con Julio Mora P\u00e9rez, un reducido grupo del <a href=\"https:\/\/twitter.com\/STEUABJO?ref_src=twsrc%5Etfw\">@STEUABJO<\/a> bloquea el bulevar Eduardo Vasconcelos de la ciudad de Oaxaca. <a href=\"https:\/\/t.co\/BPElaoSm3l\">pic.twitter.com\/BPElaoSm3l<\/a><\/p>&mdash; Zona Roja Oaxaca (@ZonaRoja_Oaxaca) <a href=\"https:\/\/twitter.com\/ZonaRoja_Oaxaca\/status\/1531364489131589632?ref_src=twsrc%5Etfw\">30 de mayo de 2022<\/a><\/blockquote><\/div>\n<\/div><\/figure>\n\n\n\n<p>POR LACHIGOL\u00d3<\/p>\n\n\n\n<p>Tambi\u00e9n por la ma\u00f1ana, pero frente al Palacio de Gobierno, en la capital, tres personas protestaron para exigir a la Fiscal\u00eda General del Estado de Oaxaca la aplicaci\u00f3n de la justicia contra presuntos extorsionadores que se dicen comuneros.<\/p>\n\n\n\n<p>De acuerdo con No\u00e9 L. P., hace varios adquiri\u00f3 un lote en San Francisco Lachigol\u00f3 e instal\u00f3 un local comercial, pero supuestos integrantes del comisariado de bienes comunales le piden cinco mil pesos para continuar operando.<\/p>\n\n\n\n<p>Ante ello, dijo que interpuso denuncias en la Fiscal\u00eda, pero \u00e9stas no han avanzado.<\/p>\n\n\n\n<p>Por su parte, un reducido grupo de trabajadores del Sindicato de Trabajadores u Empleados de la Universidad Aut\u00f3noma \u201cBenito Ju\u00e1rez\u201d de Oaxaca bloque\u00f3 el bulevar Eduardo Vasconcelos de la capital.<\/p>\n\n\n\n<p>Ello para exigir a la Junta Local de Conciliaci\u00f3n y Arbitraje y a las autoridades universitarias, la reanudaci\u00f3n de la mesa para dar respuesta a su supuesto pliego petitorio, de lo contrario, amaga con estallar la huelga a partir del primer minuto del mi\u00e9rcoles.<\/p>\n\n\n\n<p>Mientras tanto, en San Juan Bautista Tuxtepec, la organizaci\u00f3n Comit\u00e9 de Defensa de Derechos Ciudadanos (Codeci) protest\u00f3 para exigir di\u00e1logo con el edil Irineo Molina Espinosa.<\/p>\n\n\n\n<p>A su vez, contin\u00faa el bloqueo carretero en la v\u00eda Trans\u00edstmica, a la altura de Mat\u00edas Romero, por parte de pobladores de cuatro agencias de San Juan Mazatl\u00e1n Mixe, para demandar al ayuntamiento recursos presupuestales.<\/p>\n\n\n\n<figure class=\"wp-block-embed is-type-rich is-provider-twitter wp-block-embed-twitter\"><div class=\"wp-block-embed__wrapper\">\n<div class=\"twitter-tweet\"><blockquote class=\"twitter-tweet\" data-lang=\"es\"><p lang=\"es\" dir=\"ltr\"><a href=\"https:\/\/twitter.com\/hashtag\/ENVIVO?src=hash&amp;ref_src=twsrc%5Etfw\">#ENVIVO<\/a> <br>Oaxaca de Ju\u00e1rez, Oax., 30 de mayo de 2022.- El ciudadanos No\u00e9 L. P., de San Francisco Lachigol\u00f3, Oaxaca, denunci\u00f3 hostigamiento y amenazas de comuneros; exige justicia y atenci\u00f3n a su caso. <br>Aqu\u00ed la transmisi\u00f3n:<br>\ud83d\udc47<a href=\"https:\/\/t.co\/20F1njhaCS\">https:\/\/t.co\/20F1njhaCS<\/a> <a href=\"https:\/\/t.co\/huwCcwK7n8\">pic.twitter.com\/huwCcwK7n8<\/a><\/p>&mdash; Zona Roja Oaxaca (@ZonaRoja_Oaxaca) <a href=\"https:\/\/twitter.com\/ZonaRoja_Oaxaca\/status\/1531319760599801861?ref_src=twsrc%5Etfw\">30 de mayo de 2022<\/a><\/blockquote><\/div>\n<\/div><\/figure>\n","protected":false},"excerpt":{"rendered":"<p>Yuridiana Sosa\/Redacci\u00f3n\/Zona Roja. Oaxaca de Ju\u00e1rez, Oax., 30 de mayo de 2022.- Ni las lluvias&hellip;<\/p>\n","protected":false},"author":2,"featured_media":41827,"comment_status":"closed","ping_status":"open","sticky":false,"template":"","format":"standard","meta":{"_lmt_disableupdate":"","_lmt_disable":"","_jetpack_memberships_contains_paid_content":false,"footnotes":""},"categories":[109,47],"tags":[2254],"class_list":["post-41826","post","type-post","status-publish","format-standard","has-post-thumbnail","hentry","category-minuto-a-minuto","category-zona-gris","tag-protestas-y-bloqueos-oaxaca"],"jetpack_featured_media_url":"https:\/\/zonaroja.com.mx\/wp-content\/uploads\/2022\/05\/Bloqueo-STEUABJO-ciudad-de-Oaxaca.jpg","jetpack_sharing_enabled":true,"_links":{"self":[{"href":"https:\/\/zonaroja.com.mx\/index.php?rest_route=\/wp\/v2\/posts\/41826","targetHints":{"allow":["GET"]}}],"collection":[{"href":"https:\/\/zonaroja.com.mx\/index.php?rest_route=\/wp\/v2\/posts"}],"about":[{"href":"https:\/\/zonaroja.com.mx\/index.php?rest_route=\/wp\/v2\/types\/post"}],"author":[{"embeddable":true,"href":"https:\/\/zonaroja.com.mx\/index.php?rest_route=\/wp\/v2\/users\/2"}],"replies":[{"embeddable":true,"href":"https:\/\/zonaroja.com.mx\/index.php?rest_route=%2Fwp%2Fv2%2Fcomments&post=41826"}],"version-history":[{"count":1,"href":"https:\/\/zonaroja.com.mx\/index.php?rest_route=\/wp\/v2\/posts\/41826\/revisions"}],"predecessor-version":[{"id":41828,"href":"https:\/\/zonaroja.com.mx\/index.php?rest_route=\/wp\/v2\/posts\/41826\/revisions\/41828"}],"wp:featuredmedia":[{"embeddable":true,"href":"https:\/\/zonaroja.com.mx\/index.php?rest_route=\/wp\/v2\/media\/41827"}],"wp:attachment":[{"href":"https:\/\/zonaroja.com.mx\/index.php?rest_route=%2Fwp%2Fv2%2Fmedia&parent=41826"}],"wp:term":[{"taxonomy":"category","embeddable":true,"href":"https:\/\/zonaroja.com.mx\/index.php?rest_route=%2Fwp%2Fv2%2Fcategories&post=41826"},{"taxonomy":"post_tag","embeddable":true,"href":"https:\/\/zonaroja.com.mx\/index.php?rest_route=%2Fwp%2Fv2%2Ftags&post=41826"}],"curies":[{"name":"wp","href":"https:\/\/api.w.org\/{rel}","templated":true}]}}