{"id":41831,"date":"2022-05-31T07:34:34","date_gmt":"2022-05-31T12:34:34","guid":{"rendered":"http:\/\/www.zonaroja.com.mx\/?p=41831"},"modified":"2022-05-31T07:34:35","modified_gmt":"2022-05-31T12:34:35","slug":"ante-falta-de-capacidad-registra-nuevo-rector-primera-huelga-en-la-uabjo","status":"publish","type":"post","link":"https:\/\/zonaroja.com.mx\/?p=41831","title":{"rendered":"Ante falta de capacidad, registra nuevo rector primera huelga en la UABJO"},"content":{"rendered":"\n<p>Redacci\u00f3n\/Zona Roja.<\/p>\n\n\n\n<p>Oaxaca de Ju\u00e1rez, Oax., 31 de mayo de 2022.- Por nula atenci\u00f3n a las demandas del STEUABJO, pese a que empe\u00f1\u00f3 su palabra con inconformes, una fracci\u00f3n del Sindicato de Trabajadores y Empleados de la Universidad Aut\u00f3noma \u201cBenito Ju\u00e1rez\u201d de Oaxaca estall\u00f3 una huelga la madrugada de hoy.<\/p>\n\n\n\n<p>Aproximadamente a las 01:30 horas, el grupo de sindicalizados que encabeza Julio Mora P\u00e9rez -actual secretario de Organizaci\u00f3n del gremio- coloc\u00f3 banderas y cerr\u00f3 todas las instalaciones universitarias.<\/p>\n\n\n\n<p>Lo anterior al considerar que la UABJO no cumpli\u00f3 con dar respuesta al emplazamiento a huelga que interpuso este grupo ante la Junta Local de Conciliaci\u00f3n y Arbitraje.<\/p>\n\n\n\n<p>Apenas el pasado mi\u00e9rcoles, la fracci\u00f3n del STEUABJO que encabeza Ariel Luj\u00e1n P\u00e9rez como secretario General, desisti\u00f3 de su emplazamiento al considerar como satisfactorias las respuestas a las peticiones de aumento salarial y atenci\u00f3n a violaciones al Contrato Colectivo de Trabajo.<\/p>\n\n\n\n<p>El jueves 26 de mayo, la fracci\u00f3n de Julio Mora \u201ctom\u00f3\u201d las instalaciones de Ciudad Universitaria y tras ello lleg\u00f3 el rector \u00c9der Carre\u00f1o, quien les prometi\u00f3 dialogar de manera directa ante la Junta Local de Conciliaci\u00f3n, lo cual no sucedi\u00f3.<\/p>\n\n\n\n<p>Ayer por la tarde, el grupo de Julio Mora bloque\u00f3 de manera temporal el bulevar Eduardo Vasconcelos de la ciudad de Oaxaca, para insistir en respuestas a sus demandas, lo que no sucedi\u00f3, ante lo cual decidi\u00f3 estallar la huelga.<\/p>\n\n\n\n<figure class=\"wp-block-embed is-type-rich is-provider-twitter wp-block-embed-twitter\"><div class=\"wp-block-embed__wrapper\">\n<div class=\"twitter-tweet\"><blockquote class=\"twitter-tweet\" data-lang=\"es\"><p lang=\"es\" dir=\"ltr\"><a href=\"https:\/\/twitter.com\/hashtag\/%C3%9AltimoMinuto?src=hash&amp;ref_src=twsrc%5Etfw\">#\u00daltimoMinuto<\/a> <br>A menos de dos meses de asumir la administraci\u00f3n de la <a href=\"https:\/\/twitter.com\/UABJO?ref_src=twsrc%5Etfw\">@UABJO<\/a>, el rector <a href=\"https:\/\/twitter.com\/RectorCristian?ref_src=twsrc%5Etfw\">@RectorCristian<\/a> ya enfrenta su primera huelga. <br>A la 01:30 el grupo del <a href=\"https:\/\/twitter.com\/STEUABJO?ref_src=twsrc%5Etfw\">@STEUABJO<\/a> que lindera Julio Mora coloc\u00f3 banderas rojinegras en instalaciones universitarias. <a href=\"https:\/\/t.co\/jSFSkbguvq\">pic.twitter.com\/jSFSkbguvq<\/a><\/p>&mdash; Zona Roja Oaxaca (@ZonaRoja_Oaxaca) <a href=\"https:\/\/twitter.com\/ZonaRoja_Oaxaca\/status\/1531602277722902529?ref_src=twsrc%5Etfw\">31 de mayo de 2022<\/a><\/blockquote><\/div>\n<\/div><\/figure>\n","protected":false},"excerpt":{"rendered":"<p>Redacci\u00f3n\/Zona Roja. Oaxaca de Ju\u00e1rez, Oax., 31 de mayo de 2022.- Por nula atenci\u00f3n a&hellip;<\/p>\n","protected":false},"author":2,"featured_media":41832,"comment_status":"closed","ping_status":"open","sticky":false,"template":"","format":"standard","meta":{"_lmt_disableupdate":"","_lmt_disable":"","_jetpack_memberships_contains_paid_content":false,"footnotes":""},"categories":[109,47],"tags":[282],"class_list":["post-41831","post","type-post","status-publish","format-standard","has-post-thumbnail","hentry","category-minuto-a-minuto","category-zona-gris","tag-universidad-autonoma-benito-juarez-de-oaxaca"],"jetpack_featured_media_url":"https:\/\/zonaroja.com.mx\/wp-content\/uploads\/2022\/05\/Estalla-huelga-STEUABJO-UABJO.jpg","jetpack_sharing_enabled":true,"_links":{"self":[{"href":"https:\/\/zonaroja.com.mx\/index.php?rest_route=\/wp\/v2\/posts\/41831","targetHints":{"allow":["GET"]}}],"collection":[{"href":"https:\/\/zonaroja.com.mx\/index.php?rest_route=\/wp\/v2\/posts"}],"about":[{"href":"https:\/\/zonaroja.com.mx\/index.php?rest_route=\/wp\/v2\/types\/post"}],"author":[{"embeddable":true,"href":"https:\/\/zonaroja.com.mx\/index.php?rest_route=\/wp\/v2\/users\/2"}],"replies":[{"embeddable":true,"href":"https:\/\/zonaroja.com.mx\/index.php?rest_route=%2Fwp%2Fv2%2Fcomments&post=41831"}],"version-history":[{"count":1,"href":"https:\/\/zonaroja.com.mx\/index.php?rest_route=\/wp\/v2\/posts\/41831\/revisions"}],"predecessor-version":[{"id":41833,"href":"https:\/\/zonaroja.com.mx\/index.php?rest_route=\/wp\/v2\/posts\/41831\/revisions\/41833"}],"wp:featuredmedia":[{"embeddable":true,"href":"https:\/\/zonaroja.com.mx\/index.php?rest_route=\/wp\/v2\/media\/41832"}],"wp:attachment":[{"href":"https:\/\/zonaroja.com.mx\/index.php?rest_route=%2Fwp%2Fv2%2Fmedia&parent=41831"}],"wp:term":[{"taxonomy":"category","embeddable":true,"href":"https:\/\/zonaroja.com.mx\/index.php?rest_route=%2Fwp%2Fv2%2Fcategories&post=41831"},{"taxonomy":"post_tag","embeddable":true,"href":"https:\/\/zonaroja.com.mx\/index.php?rest_route=%2Fwp%2Fv2%2Ftags&post=41831"}],"curies":[{"name":"wp","href":"https:\/\/api.w.org\/{rel}","templated":true}]}}