{"id":41834,"date":"2022-05-31T07:49:15","date_gmt":"2022-05-31T12:49:15","guid":{"rendered":"http:\/\/www.zonaroja.com.mx\/?p=41834"},"modified":"2022-05-31T07:49:17","modified_gmt":"2022-05-31T12:49:17","slug":"afirma-aviles-es-tiempo-de-cumplir-los-suenos-de-las-y-los-oaxaquenos","status":"publish","type":"post","link":"https:\/\/zonaroja.com.mx\/?p=41834","title":{"rendered":"Afirma Avil\u00e9s: \u201cEs tiempo de cumplir los sue\u00f1os de las y los oaxaque\u00f1os\u201d"},"content":{"rendered":"\n<p>Redacci\u00f3n\/Zona Roja.<\/p>\n\n\n\n<p>Oaxaca de Ju\u00e1rez, Oax., a 31 de mayo de 2022.- Ante la fuerza masiva de la militancia perredista y priista de la regi\u00f3n mazateca, el candidato com\u00fan del PRI-PRD a la gubernatura de Oaxaca, Alejandro Avil\u00e9s \u00c1lvarez afirm\u00f3 que el pr\u00f3ximo 5 de junio se escribir\u00e1 una nueva historia en la entidad, donde todas las familias tendr\u00e1n asegurado el acceso a mejores condiciones de vida, salud, seguridad, asistencia social, educaci\u00f3n y servicios p\u00fablicos de calidad.<\/p>\n\n\n\n<p>En Huautla de Jim\u00e9nez, el \u201cTriple A\u201d resalt\u00f3 que a lo largo de 60 d\u00edas de campa\u00f1a, ha recogido el sentir de oaxaque\u00f1as y oaxaque\u00f1os que cuentan con sue\u00f1os y anhelos de ver un Oaxaca con prosperidad y desarrollo, con un gobierno de puertas abiertas que busque el beneficio de quienes m\u00e1s lo necesitan.<\/p>\n\n\n\n<p>\u201cEn mi gobierno vamos a entregar uniformes y \u00fatiles escolares gratis para los hijos de las jefas de familia, tambi\u00e9n les daremos un apoyo alimentario mensual y un subsidio del 30% del pago de su recibo de luz, gas e internet, as\u00ed como tambi\u00e9n implementaremos un seguro de desempleo\u201d, explic\u00f3.&nbsp;<\/p>\n\n\n\n<p>El candidato tricolor subray\u00f3 que la salud ser\u00e1 primordial en su administraci\u00f3n, por ello, se pondr\u00e1 en marcha el programa \u201cM\u00e9dico en tu Casa\u201d, que dotar\u00e1 de m\u00e9dicos y medicamentos en comunidades alejadas, donde los hospitales y cl\u00ednicas, son insuficientes para atender las necesidades de salud de la poblaci\u00f3n.<\/p>\n\n\n\n<figure class=\"wp-block-embed is-type-rich is-provider-twitter wp-block-embed-twitter\"><div class=\"wp-block-embed__wrapper\">\n<div class=\"twitter-tweet\"><blockquote class=\"twitter-tweet\" data-lang=\"es\"><p lang=\"es\" dir=\"ltr\"><a href=\"https:\/\/twitter.com\/hashtag\/EleccionesOaxaca2022?src=hash&amp;ref_src=twsrc%5Etfw\">#EleccionesOaxaca2022<\/a> <br>Este lunes, el candidato a gobernador <a href=\"https:\/\/twitter.com\/_AvilesAlvarez?ref_src=twsrc%5Etfw\">@_AvilesAlvarez<\/a> recorre comunidades de la Ca\u00f1ada. <br>\u201cDespu\u00e9s de un espectacular cierre en Oaxaca, hoy tenemos un ching\u00f3n cierre en Huautla. \u00a1Toda la mazateca est\u00e1 lista para votar por <a href=\"https:\/\/twitter.com\/hashtag\/ElTripleAGobernador?src=hash&amp;ref_src=twsrc%5Etfw\">#ElTripleAGobernador<\/a>!\u201d, dice. <a href=\"https:\/\/t.co\/Ag6ndRKOrp\">pic.twitter.com\/Ag6ndRKOrp<\/a><\/p>&mdash; Zona Roja Oaxaca (@ZonaRoja_Oaxaca) <a href=\"https:\/\/twitter.com\/ZonaRoja_Oaxaca\/status\/1531466888299036672?ref_src=twsrc%5Etfw\">31 de mayo de 2022<\/a><\/blockquote><\/div>\n<\/div><\/figure>\n\n\n\n<p>\u201cCon brigadas de doctoras y doctores vamos a dar atenci\u00f3n a todas las comunidades, con consultas y medicamentos gratis para las mujeres y los adultos mayores para que se hagan ex\u00e1menes de prevenci\u00f3n\u201d, mencion\u00f3.&nbsp;<\/p>\n\n\n\n<p>En un evento multitudinario en San Juan Bautista Cuicatl\u00e1n, Alejandro Avil\u00e9s estuvo acompa\u00f1ado por el dirigente estatal y secretaria general del PRI, Javier Villaca\u00f1a y Liz Concha, el coordinador de campa\u00f1a, Marco Antonio Hern\u00e1ndez Cuevas, la diputada local, Mariana Ben\u00edtez Tiburcio y figuras de la pol\u00edtica local.<\/p>\n\n\n\n<p>Frente a la militancia, Alejandro Avil\u00e9s destac\u00f3 que en los pr\u00f3ximos seis a\u00f1os, las y los estudiantes, los adultos mayores y las personas con discapacidad pagar\u00e1n 3 pesos en el transporte p\u00fablico para apoyar la econom\u00eda de los grupos vulnerables.<\/p>\n\n\n\n<p>Previamente, el Triple A visit\u00f3 la localidad de San Jos\u00e9 Tenango acompa\u00f1ado de campesinos y productores, a quienes les manifest\u00f3 su total respaldo para impulsar programas y recursos para detonar la econom\u00eda que genere el bienestar de las familias de la regi\u00f3n.<\/p>\n\n\n\n<p>\u00abEs tiempo de cumplir los sue\u00f1os de todas y todos los oaxaque\u00f1os y hacer realidad un Oaxaca con mejores oportunidades y desarrollo\u00bb, expres\u00f3.<\/p>\n","protected":false},"excerpt":{"rendered":"<p>Redacci\u00f3n\/Zona Roja. Oaxaca de Ju\u00e1rez, Oax., a 31 de mayo de 2022.- Ante la fuerza&hellip;<\/p>\n","protected":false},"author":2,"featured_media":41835,"comment_status":"closed","ping_status":"open","sticky":false,"template":"","format":"standard","meta":{"_lmt_disableupdate":"","_lmt_disable":"","_jetpack_memberships_contains_paid_content":false,"footnotes":""},"categories":[109,46],"tags":[316],"class_list":["post-41834","post","type-post","status-publish","format-standard","has-post-thumbnail","hentry","category-minuto-a-minuto","category-zona-blanca","tag-alejandro-aviles-alvarez"],"jetpack_featured_media_url":"https:\/\/zonaroja.com.mx\/wp-content\/uploads\/2022\/05\/Alejandro-Aviles-Canada.jpg","jetpack_sharing_enabled":true,"_links":{"self":[{"href":"https:\/\/zonaroja.com.mx\/index.php?rest_route=\/wp\/v2\/posts\/41834","targetHints":{"allow":["GET"]}}],"collection":[{"href":"https:\/\/zonaroja.com.mx\/index.php?rest_route=\/wp\/v2\/posts"}],"about":[{"href":"https:\/\/zonaroja.com.mx\/index.php?rest_route=\/wp\/v2\/types\/post"}],"author":[{"embeddable":true,"href":"https:\/\/zonaroja.com.mx\/index.php?rest_route=\/wp\/v2\/users\/2"}],"replies":[{"embeddable":true,"href":"https:\/\/zonaroja.com.mx\/index.php?rest_route=%2Fwp%2Fv2%2Fcomments&post=41834"}],"version-history":[{"count":1,"href":"https:\/\/zonaroja.com.mx\/index.php?rest_route=\/wp\/v2\/posts\/41834\/revisions"}],"predecessor-version":[{"id":41836,"href":"https:\/\/zonaroja.com.mx\/index.php?rest_route=\/wp\/v2\/posts\/41834\/revisions\/41836"}],"wp:featuredmedia":[{"embeddable":true,"href":"https:\/\/zonaroja.com.mx\/index.php?rest_route=\/wp\/v2\/media\/41835"}],"wp:attachment":[{"href":"https:\/\/zonaroja.com.mx\/index.php?rest_route=%2Fwp%2Fv2%2Fmedia&parent=41834"}],"wp:term":[{"taxonomy":"category","embeddable":true,"href":"https:\/\/zonaroja.com.mx\/index.php?rest_route=%2Fwp%2Fv2%2Fcategories&post=41834"},{"taxonomy":"post_tag","embeddable":true,"href":"https:\/\/zonaroja.com.mx\/index.php?rest_route=%2Fwp%2Fv2%2Ftags&post=41834"}],"curies":[{"name":"wp","href":"https:\/\/api.w.org\/{rel}","templated":true}]}}