{"id":41837,"date":"2022-05-31T08:02:24","date_gmt":"2022-05-31T13:02:24","guid":{"rendered":"http:\/\/www.zonaroja.com.mx\/?p=41837"},"modified":"2022-05-31T08:02:26","modified_gmt":"2022-05-31T13:02:26","slug":"empezar-de-cero-a-cuatro-anos-de-injusticia-por-maria-del-sol","status":"publish","type":"post","link":"https:\/\/zonaroja.com.mx\/?p=41837","title":{"rendered":"Empezar de cero a cuatro a\u00f1os de injusticia por Mar\u00eda del Sol"},"content":{"rendered":"\n<p>Yuridiana Sosa\/Zona Roja.<\/p>\n\n\n\n<p>Oaxaca de Ju\u00e1rez, Oax., 31 de mayo de 2022.- Aunque la tristeza invade su cuerpo en forma de un dolor que sale hasta la piel, Soledad Jarqu\u00edn se levanta cada d\u00eda, desde hace cuatro a\u00f1os, en busca de justicia para su hija Mar\u00eda del Sol Cruz Jarqu\u00edn.<\/p>\n\n\n\n<p>En su familia a\u00fan existe esperanza de cumplir esa promesa de justicia a la joven fotoperiodista asesinada el 2 de junio de 2018 en Juchit\u00e1n de Zaragoza, junto a dos personas m\u00e1s.<\/p>\n\n\n\n<p>Esa esperanza que se mantiene por la misma lucha que han emprendido para no permitir la impunidad.<\/p>\n\n\n\n<p>A cuatro a\u00f1os del hecho, no hay resultados, no hay nada ante la Fiscal\u00eda General de Oaxaca. Pero eso no los detiene.<\/p>\n\n\n\n<p>En noviembre de 2021, el fiscal Arturo Piembert Calvo se comprometi\u00f3 a iniciar una nueva Carpeta de Investigaci\u00f3n por feminicidio y resolver el caso. Pero de ese nuevo proceso no existen ning\u00fan avance, solo largas, se\u00f1al\u00f3 Soledad Jarqu\u00edn a ZONA ROJA.<\/p>\n\n\n\n<p>Record\u00f3 que a la llegada de Peimbert Calvo en marzo de 2021 notaron un ligero cambio, lograron tener acceso a la Carpeta de Investigaci\u00f3n del caso de su hija y lograron detectar los graves errores en el proceso, lo que les permiti\u00f3 tener certeza de las violaciones a un debido proceso que cometi\u00f3 la Fiscal\u00eda de Oaxaca a cargo de Rub\u00e9n Vasconcelos M\u00e9ndez y debido a ello, quedar libre el \u00fanico detenido por el caso, J. E. H. C., en el mes de noviembre.<\/p>\n\n\n\n<p>Fue entonces que el nuevo fiscal le propuso iniciar de cero una investigaci\u00f3n que parece no empezar.<\/p>\n\n\n\n<p>SUBE Y BAJA<\/p>\n\n\n\n<p>Hacer una vida \u201cnormal\u201d se ha convertido en un reto para la periodista Soledad Jarqu\u00edn, madre de Mar\u00eda del Sol Cruz Jarqu\u00edn.<\/p>\n\n\n\n<p>A veces, la tristeza invade su cuerpo como sutiles dolores f\u00edsicos a los que se ha logrado acostumbrar y transformar en fortaleza para seguir en la lucha de justicia.<\/p>\n\n\n\n<p>\u201cEl que no vences las cosas te ponen como madre de la v\u00edctima en una posici\u00f3n de subidas y bajadas; un d\u00eda tienes ganas y otros no\u201d, sostiene tambi\u00e9n la defensora y activista de otros casos de injusticia.<\/p>\n\n\n\n<p>Soledad lamenta que en M\u00e9xico se haya convertido en una costumbre las movilizaciones de las familias y v\u00edctimas para conseguir justicia, por eso, a cuatro a\u00f1os de no tener nada, junto con organizaciones feministas que la acompa\u00f1an en este proceso han planteado nuevas rutas para conseguir su objetivo.<\/p>\n\n\n\n<p>MOMENTOS IMPORTANTES<\/p>\n\n\n\n<p>A m\u00e1s de tres a\u00f1os del feminicidio de Mar\u00eda del Sol y harta de la omisi\u00f3n de la Fiscal\u00eda en Oaxaca, Soledad Jarqu\u00edn Edgar lleg\u00f3 a Palacio Nacional para exponer su caso ante el presidente de la rep\u00fablica, Andr\u00e9s Manuel L\u00f3pez Obrador.<\/p>\n\n\n\n<p>\u201cEn Oaxaca no nos est\u00e1n respondiendo\u2026le pido su intervenci\u00f3n y ponga un alto a los feminicidios\u201d, se\u00f1al\u00f3 en ese entonces la mujer, quien tuvo oportunidad de reunirse con la secretaria de Gobernaci\u00f3n, Olga S\u00e1nchez Cordero para contarles los detalles del caso.<\/p>\n\n\n\n<p>Dos semanas despu\u00e9s, Soledad recibe nuevas noticias, se abri\u00f3 fecha para la primera audiencia con el detenido por el asesinato de su hija.<\/p>\n\n\n\n<p>Ella fue citada para el 18 de diciembre en la ciudad de Juchit\u00e1n para asistir a la audiencia de control por el delito de robo de pertenencias de Mar\u00eda del Sol, ocurridas posterior a su asesinato; ante esta cita, la periodista solicit\u00f3 que la audiencia se realizara en la ciudad de Oaxaca debido a las amenazas de muerte que hab\u00eda recibido.<\/p>\n\n\n\n<p>Pero la impunidad contin\u00faa sobre el ex titular de la Secretar\u00eda de Asuntos Ind\u00edgenas en Oaxaca,Francisco Montero L\u00f3pez, quien como jefe de Mar\u00eda del Sol en ese entonces, orden\u00f3 a la fotoperidista &nbsp;cubrir el proceso electoral a favor del candidato del PRI, su hermano Hegeo Montero. &nbsp;<\/p>\n\n\n\n<p>Pues las denuncias por el delito electoral al &nbsp;utilizar recursos p\u00fablicos en beneficio de una campa\u00f1a pol\u00edtica, tampoco tuvieron eco.<\/p>\n","protected":false},"excerpt":{"rendered":"<p>Yuridiana Sosa\/Zona Roja. Oaxaca de Ju\u00e1rez, Oax., 31 de mayo de 2022.- Aunque la tristeza&hellip;<\/p>\n","protected":false},"author":2,"featured_media":7446,"comment_status":"closed","ping_status":"open","sticky":false,"template":"","format":"standard","meta":{"_lmt_disableupdate":"","_lmt_disable":"","_jetpack_memberships_contains_paid_content":false,"footnotes":""},"categories":[109,47],"tags":[1059],"class_list":["post-41837","post","type-post","status-publish","format-standard","has-post-thumbnail","hentry","category-minuto-a-minuto","category-zona-gris","tag-maria-del-sol-cruz-jarquin"],"jetpack_featured_media_url":"https:\/\/zonaroja.com.mx\/wp-content\/uploads\/2020\/01\/Mar\u00eda-del-Sol-Cruz-Jarqu\u00edn.jpg","jetpack_sharing_enabled":true,"_links":{"self":[{"href":"https:\/\/zonaroja.com.mx\/index.php?rest_route=\/wp\/v2\/posts\/41837","targetHints":{"allow":["GET"]}}],"collection":[{"href":"https:\/\/zonaroja.com.mx\/index.php?rest_route=\/wp\/v2\/posts"}],"about":[{"href":"https:\/\/zonaroja.com.mx\/index.php?rest_route=\/wp\/v2\/types\/post"}],"author":[{"embeddable":true,"href":"https:\/\/zonaroja.com.mx\/index.php?rest_route=\/wp\/v2\/users\/2"}],"replies":[{"embeddable":true,"href":"https:\/\/zonaroja.com.mx\/index.php?rest_route=%2Fwp%2Fv2%2Fcomments&post=41837"}],"version-history":[{"count":1,"href":"https:\/\/zonaroja.com.mx\/index.php?rest_route=\/wp\/v2\/posts\/41837\/revisions"}],"predecessor-version":[{"id":41838,"href":"https:\/\/zonaroja.com.mx\/index.php?rest_route=\/wp\/v2\/posts\/41837\/revisions\/41838"}],"wp:featuredmedia":[{"embeddable":true,"href":"https:\/\/zonaroja.com.mx\/index.php?rest_route=\/wp\/v2\/media\/7446"}],"wp:attachment":[{"href":"https:\/\/zonaroja.com.mx\/index.php?rest_route=%2Fwp%2Fv2%2Fmedia&parent=41837"}],"wp:term":[{"taxonomy":"category","embeddable":true,"href":"https:\/\/zonaroja.com.mx\/index.php?rest_route=%2Fwp%2Fv2%2Fcategories&post=41837"},{"taxonomy":"post_tag","embeddable":true,"href":"https:\/\/zonaroja.com.mx\/index.php?rest_route=%2Fwp%2Fv2%2Ftags&post=41837"}],"curies":[{"name":"wp","href":"https:\/\/api.w.org\/{rel}","templated":true}]}}