{"id":41839,"date":"2022-05-31T09:30:00","date_gmt":"2022-05-31T14:30:00","guid":{"rendered":"http:\/\/www.zonaroja.com.mx\/?p=41839"},"modified":"2022-05-31T08:08:29","modified_gmt":"2022-05-31T13:08:29","slug":"alejandro-murat-la-ruta-posible-despues-del-1-de-diciembre","status":"publish","type":"post","link":"https:\/\/zonaroja.com.mx\/?p=41839","title":{"rendered":"Alejandro Murat: la ruta posible despu\u00e9s del 1 de diciembre"},"content":{"rendered":"\n<p>Adri\u00e1n Ortiz Romero Cuevas<\/p>\n\n\n\n<p>M\u00e1s que para ser candidato presidencial, Alejandro Murat Hinojosa tiene marcada la ruta rumbo a la dirigencia nacional del PRI, una vez que termine su periodo como Gobernador de Oaxaca.&nbsp;<\/p>\n\n\n\n<p>Las circunstancias pol\u00edticas nacionales,&nbsp;las&nbsp;de su partido y&nbsp;las&nbsp;del oficialismo morenista, parecen estarle generando&nbsp;un panorama favorable&nbsp;para&nbsp;consolidarse como&nbsp;un&nbsp;impulsor del di\u00e1logo nacional que, hoy, est\u00e1 \u00e1vido de consensos pero que est\u00e1 inundado de polarizaci\u00f3n y se\u00f1alamientos.&nbsp;<\/p>\n\n\n\n<p>El Mandatario tendr\u00e1 que jugar sus cartas con habilidad e inteligencia para no terminar avasallado por las discordias que hoy empantanan a la pol\u00edtica en M\u00e9xico.<\/p>\n\n\n\n<p>En efecto,&nbsp;Murat Hinojosa terminar\u00e1 su periodo como Gobernador el 30 de noviembre, pero entre el domingo pr\u00f3ximo \u2014d\u00eda de la jornada electoral\u2014 y esa fecha pueden ocurrir muchas cosas.&nbsp;En el escenario local, la elecci\u00f3n de su sucesor marcar\u00e1&nbsp;la recta final&nbsp;de su administraci\u00f3n.&nbsp;<\/p>\n\n\n\n<p>Gane quien gane, Murat tendr\u00e1 que comenzar formalmente el proceso de desincorporarse del poder p\u00fablico en la entidad,&nbsp;y de preparar la entrega de la administraci\u00f3n estatal.&nbsp;<\/p>\n\n\n\n<p>Lo que aqu\u00ed en Oaxaca pueda ocurrir en t\u00e9rminos electorales ha sido largamente previsto, y por eso un resultado electoral at\u00edpico ser\u00eda casi imposible. M\u00e1s bien, lo que Murat no parece dejar de ver es el escenario nacional, que cada vez luce m\u00e1s&nbsp;enrarecido&nbsp;y con menos posibilidades de consensos&nbsp;entre los actores actuales.<\/p>\n\n\n\n<p>En ese sentido vale la pena revisar lo que pasa no s\u00f3lo en el priismo nacional, sino tambi\u00e9n en las principales fuerzas opositoras al presidente Andr\u00e9s Manuel L\u00f3pez Obrador, y en Morena mismo.&nbsp;Vayamos por partes. Pues en el lado del tricolor, es evidente que el escenario se le descompone cada d\u00eda m\u00e1s al dirigente nacional Alejandro Moreno C\u00e1rdenas.&nbsp;<\/p>\n\n\n\n<p>No s\u00f3lo por el hecho de que no parece posible que gane una sola de las seis gubernaturas que estar\u00e1n en juego el domingo pr\u00f3ximo, sino porque si alguna vez tuvo alg\u00fan acuerdo con el presidente L\u00f3pez Obrador, \u00e9ste qued\u00f3 atr\u00e1s.&nbsp;<\/p>\n\n\n\n<p>Hoy,&nbsp;adem\u00e1s de no tener un escenario electoral halag\u00fce\u00f1o \u2014y recordemos que siempre las evaluaciones de los l\u00edderes partidistas son los resultados electorales\u2014, Moreno C\u00e1rdenas sufre una metralla sostenida de ataques y filtraciones&nbsp;provenientes de su natal Campeche pero que tienen como evidente origen el gobierno federal.&nbsp;<\/p>\n\n\n\n<p>La gobernadora Layda Sansores se ha dedicado a lo largo de las \u00faltimas semanas a exhibir grabaciones de conversaciones \u2014obtenidas ilegalmente\u2014 entre Moreno C\u00e1rdenas y diversos personajes, en donde habla de extorsiones a proveedores,&nbsp;de c\u00f3mo obtener&nbsp;financiamiento ilegal para campa\u00f1as electorales e incluso de&nbsp;\u201cc\u00f3mo se debe tratar\u201d a los periodistas.<\/p>\n\n\n\n<p>La raz\u00f3n es evidente, igual que la ya conocida venganza presidencial: Moreno C\u00e1rdenas encabez\u00f3 la oposici\u00f3n tajante que mand\u00f3 al basurero la iniciativa de reforma constitucional relativa a la industria el\u00e9ctrica, y ante la presi\u00f3n&nbsp;lopezobradorista&nbsp;endureci\u00f3 sus posiciones.&nbsp;<\/p>\n\n\n\n<p>El todav\u00eda Dirigente Nacional del PRI dej\u00f3 la&nbsp;postura&nbsp;tradicional de centro izquierda del PRI y en los \u00faltimos meses ha venido coincidiendo y transitando al lado de las posiciones m\u00e1s intransigentes de la ultraderecha mexicana, que son las que se encuentran en la posici\u00f3n&nbsp;exactamente contraria&nbsp;a los&nbsp;ultramorenistas&nbsp;que cada d\u00eda ganan m\u00e1s presencia e influencia pol\u00edtica en el \u00e1nimo presidencial.<\/p>\n\n\n\n<p>A ese polo&nbsp;de la ultraderecha&nbsp;se tuvo que ce\u00f1ir Alejandro Moreno para hacerse fuerte en su&nbsp;oposici\u00f3n&nbsp;a&nbsp;las reformas del&nbsp;Presidente.&nbsp;No queda claro si al hacerlo verdaderamente rompi\u00f3 alg\u00fan pacto&nbsp;previo&nbsp;con L\u00f3pez Obrador; o si en el af\u00e1n de generarse una imagen de l\u00edder opositor termin\u00f3 perdiendo&nbsp;la posici\u00f3n intermedia que siempre hab\u00eda tenido el priismo respecto a todas sus fuerzas pol\u00edticas contrarias.&nbsp;<\/p>\n\n\n\n<p>Lo cierto es que independientemente de cu\u00e1l sea la raz\u00f3n, hoy Moreno C\u00e1rdenas se ve m\u00e1s cerca de la oposici\u00f3n m\u00e1s pertinaz a la que, valga decirlo, el&nbsp;Presidente&nbsp;ubica no en el PRI sino en el PAN, y a la que est\u00e1 decidido a no darle tregua.&nbsp;Y a la par de eso, perdi\u00f3 toda capacidad de interlocuci\u00f3n con todas las dem\u00e1s fuerzas y posiciones que no est\u00e1n en los extremos de la polarizaci\u00f3n nacional.<\/p>\n\n\n\n<p>ABRIR EL DI\u00c1LOGO&nbsp;<\/p>\n\n\n\n<p>Es muy probable que Movimiento Ciudadano transite solo hasta la elecci\u00f3n presidencial. Tratar\u00e1 de cultivar la imagen del alcalde de Monterrey Luis Donaldo Colosio Riojas&nbsp;para convertirlo en candidato presidencial;&nbsp;y justamente&nbsp;intentar\u00e1 ser la fuerza pol\u00edtica que aglutine a todos&nbsp;sectores de la pol\u00edtica y de la poblaci\u00f3n en general,&nbsp;los que no est\u00e1n ni a favor de las posiciones radicales del&nbsp;Presidente, pero que tampoco coinciden con la ultraderecha, que hoy parece estarle ganando la partida a las posiciones moderadas dentro del PAN.&nbsp;<\/p>\n\n\n\n<p>Ese&nbsp;mismo&nbsp;es el reto que tendr\u00e1 Alejandro Murat, pero&nbsp;desde&nbsp;la sede priista, si finalmente Moreno C\u00e1rdenas no pasa la&nbsp;aduana&nbsp;del 5 de junio&nbsp;como dirigente, y termina de perderse entre la ira presidencial y su descr\u00e9dito como interlocutor con todas las fuerzas pol\u00edticas y no s\u00f3lo con el PAN.&nbsp;A diferencia de Moreno C\u00e1rdenas, Murat ha sido constante y cuidadoso en el llamado permanente al di\u00e1logo entre todas las fuerzas pol\u00edticas. No se cerr\u00f3 ante la posibilidad de dialogar respecto a la iniciativa de reforma el\u00e9ctrica y ha evitado chocar frontalmente con el&nbsp;Presidente&nbsp;incluso cuando han tenido posiciones discordantes. Sabe que vale m\u00e1s como interlocutor y como ente dialogante, que asumiendo una posici\u00f3n como la que hoy tiene&nbsp;al pa\u00eds sumergido en el desencuentro permanente.<\/p>\n\n\n\n<p>A Murat se le va a combinar el escenario catastr\u00f3fico de su partido \u2014que quedar\u00e1 s\u00f3lo con dos gobernadores priistas\u2014&nbsp;con la posibilidad de pervivir en la pol\u00edtica para los pr\u00f3ximos a\u00f1os como dirigente nacional.&nbsp;No quedan tantas cartas al interior del priismo como para pensar en un abanico de posibles sucesores. Y en la pol\u00edtica activa no quedan muchos priistas que puedan devolver a ese partido al centro izquierda del que inopinadamente lo sac\u00f3 Moreno,&nbsp;para&nbsp;tratar de&nbsp;sortear&nbsp;\u2014fallidamente\u2014&nbsp;la turbulencia a la que est\u00e1&nbsp;siendo&nbsp;sometida su dirigencia, y a los malos resultados electorales que se le auguran.<\/p>\n\n\n\n<p>Por eso, casi por exclusi\u00f3n, el destino m\u00e1s asequible para Murat Hinojosa ser\u00e1 el de asumir la presidencia nacional de su partido, qui\u00e9n sabe si despu\u00e9s del 30 de noviembre, o antes.&nbsp;Es un priista que, al igual que el gobernador del Estado de M\u00e9xico Alfredo del Mazo, mantiene una interlocuci\u00f3n sana con el&nbsp;Presidente; es un personaje&nbsp;al que la edad&nbsp;\u201446&nbsp;a\u00f1os\u2014&nbsp;le juega a favor; y&nbsp;que est\u00e1 llegando al final de su periodo como Gobernador en una coyuntura que muy probablemente le permita seguir activo en la vida pol\u00edtica. Tendr\u00e1 que cuidar el final de su administraci\u00f3n, y orientar sus posiciones pol\u00edticas hacia un di\u00e1logo alejado de los extremos y los ultras que tanto enrarecen d\u00eda a d\u00eda el panorama pol\u00edtico nacional.<\/p>\n\n\n\n<p>EPITAFIO&nbsp;<\/p>\n\n\n\n<p>El domingo le gritaron \u201cPresidente\u201d.&nbsp;Y lo ser\u00e1, pero de su partido, para construir desde ah\u00ed la ruta priista hacia el 2024\u2026 porque Roberto Madrazo leg\u00f3 al priismo&nbsp;en 2006&nbsp;el imperativo de que nunca m\u00e1s una candidatura presidencial&nbsp;fuera&nbsp;construida desde la presidencia nacional del Partido.<\/p>\n\n\n\n<p>http:\/\/columnaalmargen.mx<\/p>\n\n\n\n<p>@columnaalmargen<\/p>\n\n\n\n<p>@ortizromeroc<\/p>\n","protected":false},"excerpt":{"rendered":"<p>Adri\u00e1n Ortiz Romero Cuevas M\u00e1s que para ser candidato presidencial, Alejandro Murat Hinojosa tiene marcada&hellip;<\/p>\n","protected":false},"author":2,"featured_media":41727,"comment_status":"closed","ping_status":"open","sticky":false,"template":"","format":"standard","meta":{"_lmt_disableupdate":"","_lmt_disable":"","_jetpack_memberships_contains_paid_content":false,"footnotes":""},"categories":[456,109],"tags":[2994],"class_list":["post-41839","post","type-post","status-publish","format-standard","has-post-thumbnail","hentry","category-columna","category-minuto-a-minuto","tag-adrian-ortiz-romero-cuevas"],"jetpack_featured_media_url":"https:\/\/zonaroja.com.mx\/wp-content\/uploads\/2022\/05\/268ff40f-0d29-460d-b639-fc8eebaa17a4.jpg","jetpack_sharing_enabled":true,"_links":{"self":[{"href":"https:\/\/zonaroja.com.mx\/index.php?rest_route=\/wp\/v2\/posts\/41839","targetHints":{"allow":["GET"]}}],"collection":[{"href":"https:\/\/zonaroja.com.mx\/index.php?rest_route=\/wp\/v2\/posts"}],"about":[{"href":"https:\/\/zonaroja.com.mx\/index.php?rest_route=\/wp\/v2\/types\/post"}],"author":[{"embeddable":true,"href":"https:\/\/zonaroja.com.mx\/index.php?rest_route=\/wp\/v2\/users\/2"}],"replies":[{"embeddable":true,"href":"https:\/\/zonaroja.com.mx\/index.php?rest_route=%2Fwp%2Fv2%2Fcomments&post=41839"}],"version-history":[{"count":1,"href":"https:\/\/zonaroja.com.mx\/index.php?rest_route=\/wp\/v2\/posts\/41839\/revisions"}],"predecessor-version":[{"id":41840,"href":"https:\/\/zonaroja.com.mx\/index.php?rest_route=\/wp\/v2\/posts\/41839\/revisions\/41840"}],"wp:featuredmedia":[{"embeddable":true,"href":"https:\/\/zonaroja.com.mx\/index.php?rest_route=\/wp\/v2\/media\/41727"}],"wp:attachment":[{"href":"https:\/\/zonaroja.com.mx\/index.php?rest_route=%2Fwp%2Fv2%2Fmedia&parent=41839"}],"wp:term":[{"taxonomy":"category","embeddable":true,"href":"https:\/\/zonaroja.com.mx\/index.php?rest_route=%2Fwp%2Fv2%2Fcategories&post=41839"},{"taxonomy":"post_tag","embeddable":true,"href":"https:\/\/zonaroja.com.mx\/index.php?rest_route=%2Fwp%2Fv2%2Ftags&post=41839"}],"curies":[{"name":"wp","href":"https:\/\/api.w.org\/{rel}","templated":true}]}}