{"id":41845,"date":"2022-05-31T14:16:38","date_gmt":"2022-05-31T19:16:38","guid":{"rendered":"https:\/\/www.zonaroja.com.mx\/?p=41845"},"modified":"2022-05-31T14:16:39","modified_gmt":"2022-05-31T19:16:39","slug":"cuatro-muertos-saldo-preliminar-de-agatha-en-su-paso-por-oaxaca","status":"publish","type":"post","link":"https:\/\/zonaroja.com.mx\/?p=41845","title":{"rendered":"Cuatro muertos, saldo preliminar de \u201cAgatha\u201d en su paso por Oaxaca"},"content":{"rendered":"\n<p>Yuridiana Sosa\/Zona Roja.<\/p>\n\n\n\n<p>Oaxaca de Ju\u00e1rez, Oax., 31 de mayo de 2022.- El Hurac\u00e1n \u201cAgatha\u201d en su paso por Oaxaca dej\u00f3 un saldo preliminar de al menos cuatro personas fallecidas, registradas en la regi\u00f3n Costa y Sierra Sur, en menos de 24 horas.<\/p>\n\n\n\n<p>La intensidad de las lluvias y vientos que gener\u00f3 el hurac\u00e1n en su categor\u00eda 2, al momento de impactar tierra, gener\u00f3 deslaves de cerros y laderas, uno de estos registrados en Santa Catarina Xanagu\u00eda, de San Juan Ozolotepec,en la Sierra Sur, donde una casa qued\u00f3 sepultada por el lodo.&nbsp;<\/p>\n\n\n\n<p>Por este evento se registr\u00f3 el fallecimiento de dos personas que fueron identificadas como Aldis L.M. de 21 a\u00f1os y Mario C.R. de 18 a\u00f1os de edad.&nbsp;<\/p>\n\n\n\n<p>En otra zona de esa misma regi\u00f3n del estado se report\u00f3 el deceso de una persona fue arrastrada por la intensa corriente de un r\u00edo en el municipio de Asunci\u00f3n Tlacolulita, esto al intentar cruzar el afluente.&nbsp;<\/p>\n\n\n\n<p>En la regi\u00f3n de la Costa, donde impact\u00f3 de primer momento el hurac\u00e1n, se report\u00f3 el fallecimiento de una persona m\u00e1s en la comunidad de Llano Chilar del municipio de San Mateo Pi\u00f1as.<\/p>\n\n\n\n<p>En tanto que, en San Miguel del Puerto, en Huatulco, al menos cuatro personas habr\u00edan sido arrastradas por las aguas del r\u00edo Copalita y hasta el momento se reportan como desaparecidas.<\/p>\n\n\n\n<p>OTROS DA\u00d1O<\/p>\n\n\n\n<p>En el transcurso de&nbsp;este lunes&nbsp;y la madrugada de&nbsp;este martes&nbsp;se reportaron derrumbes en el tramo de Santa Mar\u00eda Huamelula a Salina Cruz, en la regi\u00f3n del Istmo, municipio que la noche de ayer registr\u00f3 inundaciones importantes en sus calles.<\/p>\n\n\n\n<p>Adem\u00e1s, se suspendi\u00f3 servicio de transporte p\u00fablico&nbsp;hasta nuevo aviso en la regi\u00f3n de la Costa por deslaves generados sobre la Carretera 175 y afectaciones sobre la Carretera 200 de Pochutla a Puerto Escondido y viceversa.<\/p>\n\n\n\n<p>\u201cAgatha\u201d toc\u00f3 suelo oaxaque\u00f1o cerca de las 15:30horas de este lunes y a su paso por la entidad se ha debilitado a depresi\u00f3n tropical, de acuerdo con las autoridades de Protecci\u00f3n Civil de Oaxaca.<\/p>\n","protected":false},"excerpt":{"rendered":"<p>Yuridiana Sosa\/Zona Roja. Oaxaca de Ju\u00e1rez, Oax., 31 de mayo de 2022.- El Hurac\u00e1n \u201cAgatha\u201d&hellip;<\/p>\n","protected":false},"author":2,"featured_media":41844,"comment_status":"closed","ping_status":"open","sticky":false,"template":"","format":"standard","meta":{"_lmt_disableupdate":"","_lmt_disable":"","_jetpack_memberships_contains_paid_content":false,"footnotes":""},"categories":[109,46],"tags":[],"class_list":["post-41845","post","type-post","status-publish","format-standard","has-post-thumbnail","hentry","category-minuto-a-minuto","category-zona-blanca"],"jetpack_featured_media_url":"https:\/\/zonaroja.com.mx\/wp-content\/uploads\/2022\/05\/287a5746-7f37-40fe-be1f-074a4cc20967.jpg","jetpack_sharing_enabled":true,"_links":{"self":[{"href":"https:\/\/zonaroja.com.mx\/index.php?rest_route=\/wp\/v2\/posts\/41845","targetHints":{"allow":["GET"]}}],"collection":[{"href":"https:\/\/zonaroja.com.mx\/index.php?rest_route=\/wp\/v2\/posts"}],"about":[{"href":"https:\/\/zonaroja.com.mx\/index.php?rest_route=\/wp\/v2\/types\/post"}],"author":[{"embeddable":true,"href":"https:\/\/zonaroja.com.mx\/index.php?rest_route=\/wp\/v2\/users\/2"}],"replies":[{"embeddable":true,"href":"https:\/\/zonaroja.com.mx\/index.php?rest_route=%2Fwp%2Fv2%2Fcomments&post=41845"}],"version-history":[{"count":1,"href":"https:\/\/zonaroja.com.mx\/index.php?rest_route=\/wp\/v2\/posts\/41845\/revisions"}],"predecessor-version":[{"id":41846,"href":"https:\/\/zonaroja.com.mx\/index.php?rest_route=\/wp\/v2\/posts\/41845\/revisions\/41846"}],"wp:featuredmedia":[{"embeddable":true,"href":"https:\/\/zonaroja.com.mx\/index.php?rest_route=\/wp\/v2\/media\/41844"}],"wp:attachment":[{"href":"https:\/\/zonaroja.com.mx\/index.php?rest_route=%2Fwp%2Fv2%2Fmedia&parent=41845"}],"wp:term":[{"taxonomy":"category","embeddable":true,"href":"https:\/\/zonaroja.com.mx\/index.php?rest_route=%2Fwp%2Fv2%2Fcategories&post=41845"},{"taxonomy":"post_tag","embeddable":true,"href":"https:\/\/zonaroja.com.mx\/index.php?rest_route=%2Fwp%2Fv2%2Ftags&post=41845"}],"curies":[{"name":"wp","href":"https:\/\/api.w.org\/{rel}","templated":true}]}}