{"id":41848,"date":"2022-05-31T15:38:53","date_gmt":"2022-05-31T20:38:53","guid":{"rendered":"http:\/\/www.zonaroja.com.mx\/?p=41848"},"modified":"2022-05-31T15:38:54","modified_gmt":"2022-05-31T20:38:54","slug":"tras-visitar-su-tierra-betaza-jara-cierra-campana-en-la-capital","status":"publish","type":"post","link":"https:\/\/zonaroja.com.mx\/?p=41848","title":{"rendered":"Tras visitar su tierra, Betaza, Jara cierra campa\u00f1a en la capital"},"content":{"rendered":"\n<p>Redacci\u00f3n\/Zona Roja.<\/p>\n\n\n\n<p>Oaxaca de Ju\u00e1rez, Oax., 31 de mayo de 2022.- Luego de visitar su tierra natal, San Melchor Betaza, el candidato a gobernador de Oaxaca, Salom\u00f3n Jara Cruz, cierra campa\u00f1a esta tarde en la ciudad de Oaxaca.<\/p>\n\n\n\n<p>El mitin se realizar\u00e1 en la Alameda de Le\u00f3n, donde ya se concentran cientos de personas, con bandas de m\u00fasica incluidos, y en que se prev\u00e9 la presencia de pol\u00edticos a nivel nacional, entre ellos el senador Ricardo Monreal.<\/p>\n\n\n\n<p>En tato, de acuerdo con sondeos, casi el 60 por ciento de m\u00e1s mujeres votar\u00edan a favor del candidato a la gubernatura de la coalici\u00f3n \u00abJuntos Hacemos Historia en Oaxaca\u00bb, Salom\u00f3n Jara Cruz, si hoy fuera la elecci\u00f3n, seg\u00fan la casa encuestadora \u00abGrupo Impacto\u00bb.<\/p>\n\n\n\n<p>A unas horas de culminar el segundo mes de campa\u00f1a y a cinco d\u00edas de realizarse la elecci\u00f3n del pr\u00f3ximo gobernador de Oaxaca, el candidato de la esperanza Jara Cruz es quien mantiene mayor respaldo de este importante segmento de la poblaci\u00f3n.<\/p>\n\n\n\n<p>Los datos del monitoreo realizado exclusivamente a mujeres, revelan que el 59% de encuestadas confiaron que votar\u00edan por Salom\u00f3n Jara, al considerar que sus propuestas de gobierno atienden demandas y necesidades sociales con perspectiva de g\u00e9nero.&nbsp;<\/p>\n\n\n\n<p>Adem\u00e1s ante la pregunta de cu\u00e1l de los candidatos tiene las mejores propuestas para el bien de las oaxaque\u00f1as, el 31% de las encuestadas afirm\u00f3 que el abanderado de los Partidos Morena, PT, PUP y Verde Ecologista contempla pol\u00edticas p\u00fablicas en este rubro.<\/p>\n\n\n\n<p>Para el candidato al Gobierno del Estado por la Coalici\u00f3n \u201cJuntos Hacemos Historia en Oaxaca\u201d, Salom\u00f3n Jara Cruz, las mujeres son uno de los pilares fundamentales para lograr la transformaci\u00f3n de la entidad, por ello su propuesta de plan de gobierno atiende la transversalidad de g\u00e9nero.<\/p>\n\n\n\n<p>En cada uno de los 5 rubros dados a conocer a lo largo de esta campa\u00f1a pol\u00edtica, se detallaron acciones espec\u00edficas para atender a las principales demandas de las mujeres oaxaque\u00f1as, y de esta manera asegurarles su desarrollo.<\/p>\n","protected":false},"excerpt":{"rendered":"<p>Redacci\u00f3n\/Zona Roja. Oaxaca de Ju\u00e1rez, Oax., 31 de mayo de 2022.- Luego de visitar su&hellip;<\/p>\n","protected":false},"author":2,"featured_media":41850,"comment_status":"closed","ping_status":"open","sticky":false,"template":"","format":"standard","meta":{"_lmt_disableupdate":"","_lmt_disable":"","_jetpack_memberships_contains_paid_content":false,"footnotes":""},"categories":[109,46],"tags":[939],"class_list":["post-41848","post","type-post","status-publish","format-standard","has-post-thumbnail","hentry","category-minuto-a-minuto","category-zona-blanca","tag-salomon-jara-cruz"],"jetpack_featured_media_url":"https:\/\/zonaroja.com.mx\/wp-content\/uploads\/2022\/05\/Salomon-Jara-en-Betaza.jpeg","jetpack_sharing_enabled":true,"_links":{"self":[{"href":"https:\/\/zonaroja.com.mx\/index.php?rest_route=\/wp\/v2\/posts\/41848","targetHints":{"allow":["GET"]}}],"collection":[{"href":"https:\/\/zonaroja.com.mx\/index.php?rest_route=\/wp\/v2\/posts"}],"about":[{"href":"https:\/\/zonaroja.com.mx\/index.php?rest_route=\/wp\/v2\/types\/post"}],"author":[{"embeddable":true,"href":"https:\/\/zonaroja.com.mx\/index.php?rest_route=\/wp\/v2\/users\/2"}],"replies":[{"embeddable":true,"href":"https:\/\/zonaroja.com.mx\/index.php?rest_route=%2Fwp%2Fv2%2Fcomments&post=41848"}],"version-history":[{"count":1,"href":"https:\/\/zonaroja.com.mx\/index.php?rest_route=\/wp\/v2\/posts\/41848\/revisions"}],"predecessor-version":[{"id":41851,"href":"https:\/\/zonaroja.com.mx\/index.php?rest_route=\/wp\/v2\/posts\/41848\/revisions\/41851"}],"wp:featuredmedia":[{"embeddable":true,"href":"https:\/\/zonaroja.com.mx\/index.php?rest_route=\/wp\/v2\/media\/41850"}],"wp:attachment":[{"href":"https:\/\/zonaroja.com.mx\/index.php?rest_route=%2Fwp%2Fv2%2Fmedia&parent=41848"}],"wp:term":[{"taxonomy":"category","embeddable":true,"href":"https:\/\/zonaroja.com.mx\/index.php?rest_route=%2Fwp%2Fv2%2Fcategories&post=41848"},{"taxonomy":"post_tag","embeddable":true,"href":"https:\/\/zonaroja.com.mx\/index.php?rest_route=%2Fwp%2Fv2%2Ftags&post=41848"}],"curies":[{"name":"wp","href":"https:\/\/api.w.org\/{rel}","templated":true}]}}