{"id":4185,"date":"2019-09-22T13:54:53","date_gmt":"2019-09-22T18:54:53","guid":{"rendered":"http:\/\/www.zonaroja.com.mx\/?p=4185"},"modified":"2019-09-22T13:54:55","modified_gmt":"2019-09-22T18:54:55","slug":"tras-denuncia-de-uro-investiga-fiscalia-general-a-dirigente-nacional-del-pri","status":"publish","type":"post","link":"https:\/\/zonaroja.com.mx\/?p=4185","title":{"rendered":"Tras denuncia de URO, investiga Fiscal\u00eda General a dirigente nacional del PRI"},"content":{"rendered":"\n<p>Redacci\u00f3n\/Zona\nRoja Cdmx.<\/p>\n\n\n\n<p>Ciudad de M\u00e9xico,\n22 de septiembre de 2019.- Tras la denuncia interpuesta por el ex gobernador de\nOaxaca, Ulises Ruiz Ortiz, la Fiscal\u00eda General de la Rep\u00fablica (FGR) inici\u00f3 una\ninvestigaci\u00f3n en contra del presidente nacional del PRI, Alejandro Moreno C\u00e1rdenas,\npor el delito de enriquecimiento il\u00edcito.<\/p>\n\n\n\n<p>Quien fuera\naspirante para dirigir al Partido Revolucionario Institucional present\u00f3 su\ndemanda el pasado 22 de julio y con ello la Fiscal\u00eda buscar\u00eda inconsistencias\nentre los ingresos reportados por ex gobernador de Campeche y la adquisici\u00f3n de\n16 inmuebles, dos veh\u00edculos, as\u00ed como la posesi\u00f3n de cuatro cuentas bancarias,\nseg\u00fan da a conocer el diario \u201cReforma\u201d.<\/p>\n\n\n\n<p>La encargada de iniciar la investigaci\u00f3n es la fiscal Rosalba Garc\u00eda Ram\u00edrez, bajo la carpeta FED\/FECC\/UNAICAMP\/000294\/2019.<\/p>\n\n\n\n<p>La\ninvestigaci\u00f3n busca determinar si existe una diferencia entre sus ingresos y\nlos recursos con los que adquiri\u00f3 los bienes mencionados.<\/p>\n\n\n\n<p>Fuentes consultadas por \u201cReforma\u201d se\u00f1alan que durante el proceso interno del PRI hubo varias denuncias contra el mandatario de Campeche; sin embargo, la presentada por Ruiz Ortiz cuenta con m\u00e1s elementos para iniciar una indagatoria.<\/p>\n\n\n\n<figure class=\"wp-block-image\"><img decoding=\"async\" width=\"1024\" height=\"540\" src=\"http:\/\/www.zonaroja.com.mx\/wp-content\/uploads\/2019\/09\/IMG_0391-1024x540.jpg\" alt=\"\" class=\"wp-image-4187\" srcset=\"https:\/\/zonaroja.com.mx\/wp-content\/uploads\/2019\/09\/IMG_0391-1024x540.jpg 1024w, https:\/\/zonaroja.com.mx\/wp-content\/uploads\/2019\/09\/IMG_0391-300x158.jpg 300w, https:\/\/zonaroja.com.mx\/wp-content\/uploads\/2019\/09\/IMG_0391-768x405.jpg 768w, https:\/\/zonaroja.com.mx\/wp-content\/uploads\/2019\/09\/IMG_0391-585x308.jpg 585w, https:\/\/zonaroja.com.mx\/wp-content\/uploads\/2019\/09\/IMG_0391.jpg 1100w\" sizes=\"(max-width: 1024px) 100vw, 1024px\" \/><\/figure>\n\n\n\n<p>Luego que el\ndiario \u201cReforma\u201d diera a conocer que Moreno C\u00e1rdenas era due\u00f1o de una\nresidencia valuada en 46 millones de pesos y construida en dos a\u00f1os, Ulises\nRuiz, otrora candidato a la dirigencia del tricolor, solicit\u00f3 a la Unidad de\nInteligencia Financiera de la Secretar\u00eda de Hacienda y Cr\u00e9dito P\u00fablico (SHCP)\ninvestigar al actual presidente del PRI.<\/p>\n\n\n\n<p>Aparentemente\nel ex titular de Campeche report\u00f3 ingresos por cinco millones de pesos anuales.<\/p>\n\n\n\n<p>D\u00edas\ndespu\u00e9s, el ex gobernador de Oaxaca present\u00f3 una denuncia ante la FGR en la que\nse\u00f1ala que el valor de los 15 inmuebles que \u201cAlito\u201d declar\u00f3, adquiridos entre\n2012 y 2015 en Campeche, no coinciden con el valor comercial de los mismos,\nseg\u00fan la temporalidad en que fueron adquiridos.<\/p>\n\n\n\n<p>De acuerdo\ncon los c\u00e1lculos de Ruiz Ortiz, mismos que detall\u00f3 en una tabla, se \u201cevidencia\nuna notoria discrepancia entre su valor comercial en la fecha de su adquisici\u00f3n\ncon la cantidad que aparece pagada\u201d, misma que fue de contado, seg\u00fan el ex\ngobernador.<\/p>\n\n\n\n<p>Ruiz Ortiz\nasegura que en el caso de un predio -adquirido en 2012- con una superficie de\n379.64 metros cuadrados con valor de 225 mil 770 pesos, cuando el precio del\nmetro cuadrado es de 2 mil 500 pesos, resultar\u00eda un valor actual de 948 mil 850\npesos.<\/p>\n","protected":false},"excerpt":{"rendered":"<p>Redacci\u00f3n\/Zona Roja Cdmx. Ciudad de M\u00e9xico, 22 de septiembre de 2019.- Tras la denuncia interpuesta&hellip;<\/p>\n","protected":false},"author":2,"featured_media":4186,"comment_status":"closed","ping_status":"open","sticky":false,"template":"","format":"standard","meta":{"_lmt_disableupdate":"","_lmt_disable":"","_jetpack_memberships_contains_paid_content":false,"footnotes":""},"categories":[109,47],"tags":[314,749],"class_list":["post-4185","post","type-post","status-publish","format-standard","has-post-thumbnail","hentry","category-minuto-a-minuto","category-zona-gris","tag-alejandro-moreno-cardenas","tag-ulises-ruiz-ortiz"],"jetpack_featured_media_url":"https:\/\/zonaroja.com.mx\/wp-content\/uploads\/2019\/09\/Alejandro-Moreno.jpg","jetpack_sharing_enabled":true,"_links":{"self":[{"href":"https:\/\/zonaroja.com.mx\/index.php?rest_route=\/wp\/v2\/posts\/4185","targetHints":{"allow":["GET"]}}],"collection":[{"href":"https:\/\/zonaroja.com.mx\/index.php?rest_route=\/wp\/v2\/posts"}],"about":[{"href":"https:\/\/zonaroja.com.mx\/index.php?rest_route=\/wp\/v2\/types\/post"}],"author":[{"embeddable":true,"href":"https:\/\/zonaroja.com.mx\/index.php?rest_route=\/wp\/v2\/users\/2"}],"replies":[{"embeddable":true,"href":"https:\/\/zonaroja.com.mx\/index.php?rest_route=%2Fwp%2Fv2%2Fcomments&post=4185"}],"version-history":[{"count":1,"href":"https:\/\/zonaroja.com.mx\/index.php?rest_route=\/wp\/v2\/posts\/4185\/revisions"}],"predecessor-version":[{"id":4188,"href":"https:\/\/zonaroja.com.mx\/index.php?rest_route=\/wp\/v2\/posts\/4185\/revisions\/4188"}],"wp:featuredmedia":[{"embeddable":true,"href":"https:\/\/zonaroja.com.mx\/index.php?rest_route=\/wp\/v2\/media\/4186"}],"wp:attachment":[{"href":"https:\/\/zonaroja.com.mx\/index.php?rest_route=%2Fwp%2Fv2%2Fmedia&parent=4185"}],"wp:term":[{"taxonomy":"category","embeddable":true,"href":"https:\/\/zonaroja.com.mx\/index.php?rest_route=%2Fwp%2Fv2%2Fcategories&post=4185"},{"taxonomy":"post_tag","embeddable":true,"href":"https:\/\/zonaroja.com.mx\/index.php?rest_route=%2Fwp%2Fv2%2Ftags&post=4185"}],"curies":[{"name":"wp","href":"https:\/\/api.w.org\/{rel}","templated":true}]}}