{"id":41857,"date":"2022-05-31T21:01:29","date_gmt":"2022-06-01T02:01:29","guid":{"rendered":"http:\/\/www.zonaroja.com.mx\/?p=41857"},"modified":"2022-05-31T21:01:31","modified_gmt":"2022-06-01T02:01:31","slug":"va-caso-de-maria-del-sol-a-la-onu-ruben-vasconcelos-debe-ser-sujeto-a-proceso-senalan","status":"publish","type":"post","link":"https:\/\/zonaroja.com.mx\/?p=41857","title":{"rendered":"Va caso de Mar\u00eda del Sol a la ONU; Rub\u00e9n Vasconcelos debe ser sujeto a proceso, se\u00f1alan"},"content":{"rendered":"\n<p>Yuridiana Sosa\/Zona Roja.<\/p>\n\n\n\n<p>Oaxaca de Ju\u00e1rez, Oax., 31 de mayo de 2022.- A cuatro a\u00f1os de injusticia por el feminicidio de Mar\u00eda del Sol Cruz Jarqu\u00edn por parte del Estado mexicano, su familia presentar\u00e1 el caso ante el Comit\u00e9 Para la Eliminaci\u00f3n de la Discriminaci\u00f3n Contra la Mujer (CEDAW) de la ONU.<\/p>\n\n\n\n<p>Asimismo, en conferencia de prensa, la organizaci\u00f3n Consorcio y la madre de la v\u00edctima, la periodista Soledad Jarqu\u00edn, insisti\u00f3 que el ex fiscal General del Estado, Rub\u00e9n Vasconcelos M\u00e9ndez, debe ser sujeto a proceso penal y destituido de inmediato del cargo, por m\u00faltiples omisiones en que incurri\u00f3 en el caso.<\/p>\n\n\n\n<p>\u201cHay injerencia de pol\u00edticos, hay tambi\u00e9n la posibilidad de que haya, por otro lado, dinero del narco, para ejecutar a Pamela Ter\u00e1n y desafortunadamente a mi hija tambi\u00e9n; ellos lo saben, nosotros la sabemos.<\/p>\n\n\n\n<p>\u201cPero toda esa informaci\u00f3n Rub\u00e9n Vasconcelos la ocult\u00f3, entorpeci\u00f3 la investigaci\u00f3n, la detuvo; Juchit\u00e1n, el Istmo en general, es un basti\u00f3n de intereses econ\u00f3micos\u201d, se\u00f1al\u00f3 Soledad Jarqu\u00edn.<\/p>\n\n\n\n<p>\u201cLa sanci\u00f3n que le corresponde a Rub\u00e9n Vasconcelos es, la inhabilitaci\u00f3n de por vida como funcionario; sin duda alguna no puede ser funcionario alguien que invent\u00f3 testimonios, que contamin\u00f3 las pruebas, alguien que con su complicidad dio permisibilidad que se siguieran matando mujeres.<\/p>\n\n\n\n<p>\u201cNo solamente es responsable por el tema de Mar\u00eda del Sol, sino porque esa actuaci\u00f3n marc\u00f3 precedente de permisibilidad para el resto de casos\u2026 La responsabilidad que tiene es profunda; tambi\u00e9n que fuera vinculado en el caso, los delitos que cometi\u00f3 est\u00e1n absolutamente consignados\u201d, dijo a su vez la presidenta de la asociaci\u00f3n Consorcio Oaxaca, Y\u00e9sica S\u00e1nchez Maya.<\/p>\n\n\n\n<p>A LA ONU<\/p>\n\n\n\n<p>Con el acompa\u00f1amiento de Consorcio para el Di\u00e1logo Parlamentario y la Equidad Oaxaca (Consorcio Oaxaca), la madre de Sol, la periodista y activista Soledad Jarqu\u00edn Edgar, iniciar\u00e1 a la par una gira de trabajo de difusi\u00f3n y entrevistas en la Uni\u00f3n Europea.<\/p>\n\n\n\n<p>Esta determinaci\u00f3n se toma ante la inacci\u00f3n para que haya justicia por parte del gobierno de Oaxaca, primero y despu\u00e9s, por parte del gobierno de M\u00e9xico, ante los cuales se presentaron indeterminadas denuncias y peticiones a diferentes instancias, sin ning\u00fan efecto.<\/p>\n\n\n\n<p>As\u00ed lo dieron a conocer este martes en conferencia de prensa la familia de Mar\u00eda del Sol y los colectivos feministas que dan puntual seguimiento a este proceso.<\/p>\n\n\n\n<p>La abogada y defensora de los derechos humanos, Y\u00e9sica S\u00e1nchez Maya, se\u00f1al\u00f3 que se encuentran ante el desaf\u00edo del primer caso de Oaxaca ante el CEDAW de la ONU, del que esperan en al menos dos a\u00f1os y medio tener sentencia favorable contra el Estado Mexicano.<\/p>\n\n\n\n<p>Con esta judicializaci\u00f3n internacional se exhibe la torpeza y omisi\u00f3n del Gobierno de M\u00e9xico frente a la violencia feminicida, por lo que se prev\u00e9 que en la sentencia la ONU finque responsabilidades, en la que tambi\u00e9n podr\u00edan inhabilitar de por vida como funcionario a Rub\u00e9n Vasconcelos M\u00e9ndez, a quien se\u00f1alan como el actor principal de la impunidad cuando estuvo al frente de la Fiscal\u00eda General de Oaxaca.<\/p>\n\n\n\n<figure class=\"wp-block-embed is-type-rich is-provider-twitter wp-block-embed-twitter\"><div class=\"wp-block-embed__wrapper\">\n<div class=\"twitter-tweet\"><blockquote class=\"twitter-tweet\" data-lang=\"es\"><p lang=\"es\" dir=\"ltr\"><a href=\"https:\/\/twitter.com\/hashtag\/ENVIVO?src=hash&amp;ref_src=twsrc%5Etfw\">#ENVIVO<\/a><br>Oaxaca de Ju\u00e1rez, Oax., 31 de mayo de 2022.- Familiares de la fotoperiodista Mar\u00eda del Sol Cruz Jarqu\u00edn protesta frente al Palacio de Gobierno, para exigir justicia a cuatro a\u00f1os del asesinato.<br>Aqu\u00ed la transmisi\u00f3n:<br>\ud83d\udc47<a href=\"https:\/\/t.co\/qZ2R21Uxa2\">https:\/\/t.co\/qZ2R21Uxa2<\/a> <a href=\"https:\/\/t.co\/bvfy7JzZ4x\">pic.twitter.com\/bvfy7JzZ4x<\/a><\/p>&mdash; Zona Roja Oaxaca (@ZonaRoja_Oaxaca) <a href=\"https:\/\/twitter.com\/ZonaRoja_Oaxaca\/status\/1531651092160954371?ref_src=twsrc%5Etfw\">31 de mayo de 2022<\/a><\/blockquote><\/div>\n<\/div><\/figure>\n\n\n\n<p>&nbsp;S\u00e1nchez Maya lament\u00f3 que se haya tenido que recurrir a un proceso internacional, pues Soledad siempre mantuvo la esperanza de la justicia de M\u00e9xico, pero le fallaron y \u201cla justicia qued\u00f3 guardada en el caj\u00f3n de la expectativa\u201d. &nbsp;<\/p>\n\n\n\n<p>Como parte de este nuevo proceso, del 13 de junio al 5 de julio, Soledad Jarqu\u00edn sostendr\u00e1 reuniones con integrantes del Parlamento Europeo y diversos funcionarios de Europa y de las Naciones Unidas para exponer el caso de Mar\u00eda del Sol.<\/p>\n\n\n\n<p>&nbsp;INTENSA LUCHA<\/p>\n\n\n\n<p>Este martes, a dos d\u00edas de cumplirse los cuatro a\u00f1os del feminicidio de Mar\u00eda del Sol en Juchit\u00e1n de Zaragoza, su familia, amigos y activistas emprendieron una jornada de protesta contra la Fiscal\u00eda General de Oaxaca y el gobernador de Oaxaca, Alejandro Murat Hinojosa, por permitir la impunidad en este crimen.<\/p>\n\n\n\n<p>Asistieron a oficinas de la Fiscal\u00eda de Oaxaca, en su sede de la colonia Uni\u00f3n y Progreso de la ciudad de Oaxaca, donde colocaron letreros con las palabras impunidad, corrupci\u00f3n, complicidad, as\u00ed como la imagen de la fotoperiodista Mar\u00eda del Sol.<\/p>\n\n\n\n<p>Despu\u00e9s, arribaron a Palacio de Gobierno donde tapizaron uno de los accesos laterales con fotograf\u00edas de Sol, as\u00ed como de los letreros que tambi\u00e9n colocaron en la Fiscal\u00eda.<\/p>\n\n\n\n<p>L\u00cdNEA DE COMPLICIDAD<\/p>\n\n\n\n<p>En conferencia de prensa, Soledad Jarqu\u00edn expuso la l\u00ednea de impunidad, de complicidades y corrupci\u00f3n para que el Estado Mexicano le negara justicia a su hija.<\/p>\n\n\n\n<p>\u201cSe cumplir\u00e1n 4 a\u00f1os del feminicidio de mi hija Mar\u00eda del Sol, una herida profunda que no cierra porque la justicia se nos ha negado y se nos ha obstruido sistem\u00e1ticamente por parte las instituciones y servidores p\u00fablicos c\u00f3mplices\u201d, se\u00f1al\u00f3.<\/p>\n\n\n\n<p>Primero reconoci\u00f3 el apoyo y sororidad de las mujeres que la han acompa\u00f1ado en este largo proceso, quienes le \u201cpermiten encontrar ese sentido que la vida pierde frente a la insensibilidad y deshonesta actuaci\u00f3n del funcionariado que se empe\u00f1a en obstaculizar el acceso a la justicia, convirti\u00e9ndose en c\u00f3mplices de los feminicidios\u201d.<\/p>\n\n\n\n<p>De forma puntual, asever\u00f3 que estos a\u00f1os han presentado el caso ante al menos 20 funcionarios p\u00fablicos, tanto del gobierno del Estado de Oaxaca, como del gobierno federal, desde el gobernador Alejandro Murat , al presidente Andr\u00e9s Manuel L\u00f3pez Obrador.<\/p>\n\n\n\n<p>Entre las dependencias c\u00f3mplices destac\u00f3 la Fiscal\u00eda Especializada en Delitos Electorales; Fiscal\u00eda &nbsp;Especializada en Materia de Combate a la Corrupci\u00f3n; Tribunal de Justicia del Estado, Tribunal de Justicia Administrativa y el Tribunal Estatal Electoral; as\u00ed como la secretar\u00eda de Finanzas de Oaxaca, y la secretar\u00eda de la Contralor\u00eda y Transparencia Gubernamental.<\/p>\n\n\n\n<p>Tampoco tuvo respaldo de la titular del Instituto Nacional de las Mujeres, Nadine Gasman; ni en la Fiscal\u00eda General de la Rep\u00fablica ni en la Fiscal\u00eda Especializada en Materia de Derechos Humanos, en donde Soledad Jarqu\u00edn acus\u00f3 que se cometi\u00f3 maltrato y ni siquiera se ley\u00f3 petici\u00f3n en dos ocasiones.<\/p>\n\n\n\n<p>Ante la judicializaci\u00f3n internacional, Soledad Jarqu\u00edn expres\u00f3 que \u201cde nueva cuenta se abre en mi coraz\u00f3n de madre la esperanza de justicia\u201d.\u00a0<\/p>\n\n\n\n<figure class=\"wp-block-embed is-type-rich is-provider-twitter wp-block-embed-twitter\"><div class=\"wp-block-embed__wrapper\">\n<div class=\"twitter-tweet\"><blockquote class=\"twitter-tweet\" data-lang=\"es\"><p lang=\"es\" dir=\"ltr\"><a href=\"https:\/\/twitter.com\/hashtag\/ENVIVO?src=hash&amp;ref_src=twsrc%5Etfw\">#ENVIVO<\/a><br>Oaxaca de Ju\u00e1rez, Oax., 31 de mayo de 2022.- Conferencia de prensa de familiares de la fotoperiodista Mar\u00eda del Sol Cruz Jarqu\u00edn, a cuatro a\u00f1os del asesinato.<br>\ud83d\udc47<a href=\"https:\/\/t.co\/n2nP2twIlv\">https:\/\/t.co\/n2nP2twIlv<\/a> <a href=\"https:\/\/t.co\/kADxM9O7Xo\">pic.twitter.com\/kADxM9O7Xo<\/a><\/p>&mdash; Zona Roja Oaxaca (@ZonaRoja_Oaxaca) <a href=\"https:\/\/twitter.com\/ZonaRoja_Oaxaca\/status\/1531658462135996429?ref_src=twsrc%5Etfw\">31 de mayo de 2022<\/a><\/blockquote><\/div>\n<\/div><\/figure>\n","protected":false},"excerpt":{"rendered":"<p>Yuridiana Sosa\/Zona Roja. Oaxaca de Ju\u00e1rez, Oax., 31 de mayo de 2022.- A cuatro a\u00f1os&hellip;<\/p>\n","protected":false},"author":2,"featured_media":41858,"comment_status":"closed","ping_status":"open","sticky":false,"template":"","format":"standard","meta":{"_lmt_disableupdate":"","_lmt_disable":"","_jetpack_memberships_contains_paid_content":false,"footnotes":""},"categories":[109,47],"tags":[1059],"class_list":["post-41857","post","type-post","status-publish","format-standard","has-post-thumbnail","hentry","category-minuto-a-minuto","category-zona-gris","tag-maria-del-sol-cruz-jarquin"],"jetpack_featured_media_url":"https:\/\/zonaroja.com.mx\/wp-content\/uploads\/2022\/05\/Ruben-Vasconcelos-caso-Maria-del-Sol-Soledad-Jarquin.jpg","jetpack_sharing_enabled":true,"_links":{"self":[{"href":"https:\/\/zonaroja.com.mx\/index.php?rest_route=\/wp\/v2\/posts\/41857","targetHints":{"allow":["GET"]}}],"collection":[{"href":"https:\/\/zonaroja.com.mx\/index.php?rest_route=\/wp\/v2\/posts"}],"about":[{"href":"https:\/\/zonaroja.com.mx\/index.php?rest_route=\/wp\/v2\/types\/post"}],"author":[{"embeddable":true,"href":"https:\/\/zonaroja.com.mx\/index.php?rest_route=\/wp\/v2\/users\/2"}],"replies":[{"embeddable":true,"href":"https:\/\/zonaroja.com.mx\/index.php?rest_route=%2Fwp%2Fv2%2Fcomments&post=41857"}],"version-history":[{"count":1,"href":"https:\/\/zonaroja.com.mx\/index.php?rest_route=\/wp\/v2\/posts\/41857\/revisions"}],"predecessor-version":[{"id":41859,"href":"https:\/\/zonaroja.com.mx\/index.php?rest_route=\/wp\/v2\/posts\/41857\/revisions\/41859"}],"wp:featuredmedia":[{"embeddable":true,"href":"https:\/\/zonaroja.com.mx\/index.php?rest_route=\/wp\/v2\/media\/41858"}],"wp:attachment":[{"href":"https:\/\/zonaroja.com.mx\/index.php?rest_route=%2Fwp%2Fv2%2Fmedia&parent=41857"}],"wp:term":[{"taxonomy":"category","embeddable":true,"href":"https:\/\/zonaroja.com.mx\/index.php?rest_route=%2Fwp%2Fv2%2Fcategories&post=41857"},{"taxonomy":"post_tag","embeddable":true,"href":"https:\/\/zonaroja.com.mx\/index.php?rest_route=%2Fwp%2Fv2%2Ftags&post=41857"}],"curies":[{"name":"wp","href":"https:\/\/api.w.org\/{rel}","templated":true}]}}