{"id":41868,"date":"2022-05-31T22:26:05","date_gmt":"2022-06-01T03:26:05","guid":{"rendered":"http:\/\/www.zonaroja.com.mx\/?p=41868"},"modified":"2022-05-31T23:23:49","modified_gmt":"2022-06-01T04:23:49","slug":"cierra-campala-salomon-jara-llama-a-votar-masivamente-el-5-de-junio","status":"publish","type":"post","link":"https:\/\/zonaroja.com.mx\/?p=41868","title":{"rendered":"Cierra campa\u00f1a Salom\u00f3n Jara; llama a votar masivamente el 5 de junio"},"content":{"rendered":"\n<p>Redacci\u00f3n\/Zona Roja.<\/p>\n\n\n\n<p>Oaxaca de Ju\u00e1rez, Oax., 31 de mayo de 2022.- Al grito de \u00a1gobernador!, \u00a1gobernador!, \u00a1gobernador!, Salom\u00f3n Jara Cruz cerr\u00f3 campa\u00f1a este martes en la Alameda de Le\u00f3n de la ciudad de Oaxaca, al que acudieron miles de personas.<\/p>\n\n\n\n<p>\u201cGracias por acompa\u00f1arnos. \u00a1Muchas gracias a todas y todos, de coraz\u00f3n! Ahora que estado visitando los municipios de Oaxaca, les promet\u00ed que antes de tomar protesta como gobernador, voy a visitar los 570 municipios\u201d, dijo.<\/p>\n\n\n\n<p>El candidato a la gubernatura del estado por la coalici\u00f3n \u201cJuntos Hacemos Historia en Oaxaca\u201d, conformada por los partidos Morena, PT, PUP y Verde Ecologista, cerr\u00f3 su campa\u00f1a pol\u00edtica, previo las votaciones del pr\u00f3ximo domingo, con el respaldo y ante la presencia de miles de ciudadanos, referentes, militantes y simpatizantes del proyecto de la Cuarta Transformaci\u00f3n.<\/p>\n\n\n\n<p>Adem\u00e1s, recibi\u00f3 el apoyo de las y los &nbsp;dirigentes y referentes nacionales de los partidos pol\u00edticos coaligados, los cuales se comprometieron a trabajar de la mano para que en Oaxaca se cumpla el proyecto de gobierno de la Cuarta Transformaci\u00f3n a partir del pr\u00f3ximo 5 de junio.<\/p>\n\n\n\n<p>De frente al pueblo, que ya tiene decidido escribir la historia de un mejor futuro para la entidad, Jara Cruz agradeci\u00f3 el respaldo de la ciudadan\u00eda, de la cual no dud\u00f3 que lo acompa\u00f1ar\u00e1 a ponerle fin, de una vez por todas, a la pobreza, la marginaci\u00f3n y la corrupci\u00f3n, herencia de los p\u00e9simos gobiernos que ha tenido la entidad.<\/p>\n\n\n\n<p>\u201cMi gobierno ser\u00e1 de territorio, no de escritorio, as\u00ed como caminamos 181 municipios, realizamos 196 asambleas, eventos y m\u00edtines durante esta campa\u00f1a pol\u00edtica, una vez en el gobierno y gracias al voto que emitir\u00e1n este 5 de junio, regresar\u00e9 para escuchar y resolver las demandas m\u00e1s apremiantes de la poblaci\u00f3n en las regiones\u201d, asegur\u00f3.<\/p>\n\n\n\n<p>Enfatiz\u00f3 que en la tarea por la transformaci\u00f3n de Oaxaca lo acompa\u00f1ar\u00e1n hombres y mujeres valiosas originarias de la entidad, en un gabinete paritario y con la capacidad de sentir, escuchar y atender las necesidades sociales, adem\u00e1s asegur\u00f3 que su administraci\u00f3n no reciclar\u00e1 a funcionarios ni servidores, y mucho menos los exportar\u00e1 de otros estados.<\/p>\n\n\n\n<p>Salom\u00f3n Jara destac\u00f3 que su pol\u00edtica de gobierno consistir\u00e1 en ejercer el mandato obedeciendo, y entregarle al pueblo todo el poder para decidir sobre el desarrollo de la entidad.<\/p>\n\n\n\n<p>\u201cPor mi condici\u00f3n ind\u00edgena, hablante de la lengua materna zapoteca, y por los a\u00f1os de lucha mediante los cuales se ha mantenido viva la esperanza de un mejor Oaxaca, de una transformaci\u00f3n a fondo, no les voy a fallar\u201d, declar\u00f3 ante el pueblo que lo llevar\u00e1 al triunfo este 5 de junio.<\/p>\n\n\n\n<figure class=\"wp-block-embed is-type-rich is-provider-twitter wp-block-embed-twitter\"><div class=\"wp-block-embed__wrapper\">\n<div class=\"twitter-tweet\"><blockquote class=\"twitter-tweet\" data-lang=\"es\"><p lang=\"es\" dir=\"ltr\"><a href=\"https:\/\/twitter.com\/hashtag\/EleccionesOaxaca2022?src=hash&amp;ref_src=twsrc%5Etfw\">#EleccionesOaxaca2022<\/a> <br>Al grito de \u00a1gobernador! \u00a1gobernador! \u00a1gobernador!, fue recibido esta tarde <a href=\"https:\/\/twitter.com\/salomonj?ref_src=twsrc%5Etfw\">@salomonj<\/a> por miles de oaxaque\u00f1os, que lo acompa\u00f1aron al cierre de campa\u00f1a, efectuado en la Alameda de Le\u00f3n de la capital. <a href=\"https:\/\/t.co\/yAgLsBkZKZ\">pic.twitter.com\/yAgLsBkZKZ<\/a><\/p>&mdash; Zona Roja Oaxaca (@ZonaRoja_Oaxaca) <a href=\"https:\/\/twitter.com\/ZonaRoja_Oaxaca\/status\/1531804505712562177?ref_src=twsrc%5Etfw\">1 de junio de 2022<\/a><\/blockquote><\/div>\n<\/div><\/figure>\n\n\n\n<p>CON PAISANOS<\/p>\n\n\n\n<p>Previo a este cierre en la Alameda de Le\u00f3n, en el coraz\u00f3n de la Verde Antequera, Salom\u00f3n Jara realiz\u00f3 un precierre de campa\u00f1a en su tierra natal, San Melchor Betaza, lugar en donde recibi\u00f3 la venia y el respaldo de su gente.<\/p>\n\n\n\n<p>Ante sus paisanos, los cuales conocieron su ni\u00f1ez, juventud y los inicios de su participaci\u00f3n en la lucha social, adem\u00e1s de ocupar algunos cargos del servicio p\u00fablico como topil, mismo que desempe\u00f1\u00f3 con honor y responsabilidad, se comprometi\u00f3 a trabajar incansablemente por los y las oaxaque\u00f1as.<\/p>\n\n\n\n<p>El abanderado de la coalici\u00f3n \u201cJuntos Hacemos Historia\u201d pidi\u00f3 salir a votar el pr\u00f3ximo 5 de junio para no desperdiciar la oportunidad hist\u00f3rica de derrotar a la corrupci\u00f3n e impunidad representadas por los malos gobiernos y pol\u00edticos de siempre, y cosechar los frutos de a\u00f1os de lucha social, de compa\u00f1eros muertos, de movimientos libertadores y \u201cla esperanza que al fin observar\u00e1 la luz de una primavera que llegar\u00e1 para quedarse\u201d.<\/p>\n\n\n\n<p>A este magno evento lo acompa\u00f1aron Mario Delgado, dirigente nacional de Morena, el coordinador de la fracci\u00f3n parlamentaria de Morena en el Senado de la Rep\u00fablica, Ricardo Monreal, adem\u00e1s se los y las referentes nacionales Gabriela Jim\u00e9nez, Nancy S\u00e1nchez Arreondo, Mar\u00eda Mercedes Gonz\u00e1lez, Oscar Cant\u00f3n, Ra\u00fal Ruiz y Adolfo G\u00f3mez.<\/p>\n\n\n\n<p>Adem\u00e1s, Karen Castrej\u00f3n Trujillo, dirigente Nacional del Partido Verde, Jos\u00e9 Antonio Estefan y Ra\u00fal Bola\u00f1os Cacho Cu\u00e9, referentes del Partido Verde; Benjam\u00edn Robles Montoya, referente estatal del PT y Uriel D\u00edaz, dirigente del Partido Unidad Popular entre otros.<\/p>\n\n\n\n<figure class=\"wp-block-embed is-type-rich is-provider-twitter wp-block-embed-twitter\"><div class=\"wp-block-embed__wrapper\">\n<div class=\"twitter-tweet\"><blockquote class=\"twitter-tweet\" data-lang=\"es\"><p lang=\"es\" dir=\"ltr\">Hoy la gira de la esperanza lleg\u00f3 a San Melchor Betaza, una comunidad que tiene un significado especial para m\u00ed. Vine para refrendar el orgullo que tengo por mi origen y para dejar claro mi compromiso por llevar la transformaci\u00f3n a todas las comunidades de <a href=\"https:\/\/twitter.com\/hashtag\/Oaxaca?src=hash&amp;ref_src=twsrc%5Etfw\">#Oaxaca<\/a>. <a href=\"https:\/\/t.co\/5ELobmmiXU\">pic.twitter.com\/5ELobmmiXU<\/a><\/p>&mdash; Salom\u00f3n Jara Cruz (@salomonj) <a href=\"https:\/\/twitter.com\/salomonj\/status\/1531706237322158083?ref_src=twsrc%5Etfw\">31 de mayo de 2022<\/a><\/blockquote><\/div>\n<\/div><\/figure>\n","protected":false},"excerpt":{"rendered":"<p>Redacci\u00f3n\/Zona Roja. Oaxaca de Ju\u00e1rez, Oax., 31 de mayo de 2022.- Al grito de \u00a1gobernador!,&hellip;<\/p>\n","protected":false},"author":2,"featured_media":41869,"comment_status":"closed","ping_status":"open","sticky":false,"template":"","format":"standard","meta":{"_lmt_disableupdate":"","_lmt_disable":"","_jetpack_memberships_contains_paid_content":false,"footnotes":""},"categories":[109,46],"tags":[939],"class_list":["post-41868","post","type-post","status-publish","format-standard","has-post-thumbnail","hentry","category-minuto-a-minuto","category-zona-blanca","tag-salomon-jara-cruz"],"jetpack_featured_media_url":"https:\/\/zonaroja.com.mx\/wp-content\/uploads\/2022\/05\/Cierre-de-campana-Salomon-Jara-ciudad-de-Oaxaca.jpeg","jetpack_sharing_enabled":true,"_links":{"self":[{"href":"https:\/\/zonaroja.com.mx\/index.php?rest_route=\/wp\/v2\/posts\/41868","targetHints":{"allow":["GET"]}}],"collection":[{"href":"https:\/\/zonaroja.com.mx\/index.php?rest_route=\/wp\/v2\/posts"}],"about":[{"href":"https:\/\/zonaroja.com.mx\/index.php?rest_route=\/wp\/v2\/types\/post"}],"author":[{"embeddable":true,"href":"https:\/\/zonaroja.com.mx\/index.php?rest_route=\/wp\/v2\/users\/2"}],"replies":[{"embeddable":true,"href":"https:\/\/zonaroja.com.mx\/index.php?rest_route=%2Fwp%2Fv2%2Fcomments&post=41868"}],"version-history":[{"count":2,"href":"https:\/\/zonaroja.com.mx\/index.php?rest_route=\/wp\/v2\/posts\/41868\/revisions"}],"predecessor-version":[{"id":41872,"href":"https:\/\/zonaroja.com.mx\/index.php?rest_route=\/wp\/v2\/posts\/41868\/revisions\/41872"}],"wp:featuredmedia":[{"embeddable":true,"href":"https:\/\/zonaroja.com.mx\/index.php?rest_route=\/wp\/v2\/media\/41869"}],"wp:attachment":[{"href":"https:\/\/zonaroja.com.mx\/index.php?rest_route=%2Fwp%2Fv2%2Fmedia&parent=41868"}],"wp:term":[{"taxonomy":"category","embeddable":true,"href":"https:\/\/zonaroja.com.mx\/index.php?rest_route=%2Fwp%2Fv2%2Fcategories&post=41868"},{"taxonomy":"post_tag","embeddable":true,"href":"https:\/\/zonaroja.com.mx\/index.php?rest_route=%2Fwp%2Fv2%2Ftags&post=41868"}],"curies":[{"name":"wp","href":"https:\/\/api.w.org\/{rel}","templated":true}]}}