{"id":41876,"date":"2022-06-01T07:58:21","date_gmt":"2022-06-01T12:58:21","guid":{"rendered":"http:\/\/www.zonaroja.com.mx\/?p=41876"},"modified":"2022-06-01T07:58:23","modified_gmt":"2022-06-01T12:58:23","slug":"tribunal-federal-ordena-aprehension-de-ex-procurador-evencio-martinez","status":"publish","type":"post","link":"https:\/\/zonaroja.com.mx\/?p=41876","title":{"rendered":"Tribunal federal ordena aprehensi\u00f3n de ex procurador Evencio Mart\u00ednez"},"content":{"rendered":"\n<p>Redacci\u00f3n\/Zona Roja Cdmx.<\/p>\n\n\n\n<p>Ciudad de M\u00e9xico, 1 de junio de 2022.- Un Tribunal Federal orden\u00f3 la aprehensi\u00f3n del ex procurador de Justicia del Estado de Oaxaca, Evencio Nicol\u00e1s Mart\u00ednez Ram\u00edrez, por su presunta responsabilidad en el delito de desaparici\u00f3n forzada de personas en agravio de Edmundo Reyes Amaya y Gabriel Alberto Cruz S\u00e1nchez, integrantes del grupo subversivo autodenominado Ej\u00e9rcito Popular Revolucionario (EPR), de quienes se desconoce su paradero desde hace 15 a\u00f1os.&nbsp;<\/p>\n\n\n\n<p>De acuerdo con el expediente judicial, la orden de captura fue librada el 2 de mayo del presente a\u00f1o por el magistrado Jos\u00e9 Luis Gonz\u00e1lez, titular del Cuarto Tribunal Unitario con residencia en Jalisco. Por su parte, la defensa del ex procurador promovi\u00f3 un amparo para impedir su captura.&nbsp;<\/p>\n\n\n\n<p>Sin embargo, solo obtuvo una suspensi\u00f3n definitiva, medida cautelar, la cual solo tiene el efecto de que una vez que sea aprehendido y recluido en un penal, su libertad personal quede a disposici\u00f3n de Francisco Miguel Padilla G\u00f3mez, magistrado del Sexto Tribunal Unitario del Tercer Circuito.&nbsp;<\/p>\n\n\n\n<p>En el expediente se menciona que el abogado del ex titular de la procuradur\u00eda estatal argument\u00f3 que el delito imputado por la Fiscal\u00eda General de la Rep\u00fablica (FGR) en la fecha de la supuesta comisi\u00f3n de los sucesos, 24 de mayo de 2007, no era calificado de grave.&nbsp;<\/p>\n\n\n\n<p>No obstante, el magistrado Padilla G\u00f3mez dej\u00f3 claro que el citado delito est\u00e1 contemplado en el art\u00edculo 28 de la Ley General en Materia de Desaparici\u00f3n Forzada de Personas, Desaparici\u00f3n cometida por Particulares y del Sistema Nacional de B\u00fasqueda de Personas, el cual amerita prisi\u00f3n preventiva oficiosa.<\/p>\n\n\n\n<p>Padilla G\u00f3mez indic\u00f3 que ser\u00e1 materia de an\u00e1lisis, al momento de resolver el juicio de amparo, si el delito amer\u00edta o no la prisi\u00f3n preventiva oficiosa. Cabe mencionar que los eperristas fueron detenidos por autoridades polic\u00edacas el 24 de mayo de 2007 en el estado de Oaxaca, pero no se supo m\u00e1s de su paradero.<\/p>\n\n\n\n<p>La nota completa aqu\u00ed:<\/p>\n\n\n\n<figure class=\"wp-block-embed\"><div class=\"wp-block-embed__wrapper\">\nhttps:\/\/www.milenio.com\/estados\/tribunal-federal-ordena-captura-procurador-justicia-oaxaca\n<\/div><\/figure>\n","protected":false},"excerpt":{"rendered":"<p>Redacci\u00f3n\/Zona Roja Cdmx. Ciudad de M\u00e9xico, 1 de junio de 2022.- Un Tribunal Federal orden\u00f3&hellip;<\/p>\n","protected":false},"author":2,"featured_media":16045,"comment_status":"closed","ping_status":"open","sticky":false,"template":"","format":"standard","meta":{"_lmt_disableupdate":"","_lmt_disable":"","_jetpack_memberships_contains_paid_content":false,"footnotes":""},"categories":[109,47],"tags":[1895],"class_list":["post-41876","post","type-post","status-publish","format-standard","has-post-thumbnail","hentry","category-minuto-a-minuto","category-zona-gris","tag-evencio-nicolas-martinez-ramirez"],"jetpack_featured_media_url":"https:\/\/zonaroja.com.mx\/wp-content\/uploads\/2020\/08\/Evencio-Nicol\u00e1s-Mart\u00ednez-3.jpg","jetpack_sharing_enabled":true,"_links":{"self":[{"href":"https:\/\/zonaroja.com.mx\/index.php?rest_route=\/wp\/v2\/posts\/41876","targetHints":{"allow":["GET"]}}],"collection":[{"href":"https:\/\/zonaroja.com.mx\/index.php?rest_route=\/wp\/v2\/posts"}],"about":[{"href":"https:\/\/zonaroja.com.mx\/index.php?rest_route=\/wp\/v2\/types\/post"}],"author":[{"embeddable":true,"href":"https:\/\/zonaroja.com.mx\/index.php?rest_route=\/wp\/v2\/users\/2"}],"replies":[{"embeddable":true,"href":"https:\/\/zonaroja.com.mx\/index.php?rest_route=%2Fwp%2Fv2%2Fcomments&post=41876"}],"version-history":[{"count":1,"href":"https:\/\/zonaroja.com.mx\/index.php?rest_route=\/wp\/v2\/posts\/41876\/revisions"}],"predecessor-version":[{"id":41877,"href":"https:\/\/zonaroja.com.mx\/index.php?rest_route=\/wp\/v2\/posts\/41876\/revisions\/41877"}],"wp:featuredmedia":[{"embeddable":true,"href":"https:\/\/zonaroja.com.mx\/index.php?rest_route=\/wp\/v2\/media\/16045"}],"wp:attachment":[{"href":"https:\/\/zonaroja.com.mx\/index.php?rest_route=%2Fwp%2Fv2%2Fmedia&parent=41876"}],"wp:term":[{"taxonomy":"category","embeddable":true,"href":"https:\/\/zonaroja.com.mx\/index.php?rest_route=%2Fwp%2Fv2%2Fcategories&post=41876"},{"taxonomy":"post_tag","embeddable":true,"href":"https:\/\/zonaroja.com.mx\/index.php?rest_route=%2Fwp%2Fv2%2Ftags&post=41876"}],"curies":[{"name":"wp","href":"https:\/\/api.w.org\/{rel}","templated":true}]}}