{"id":41881,"date":"2022-06-01T08:06:48","date_gmt":"2022-06-01T13:06:48","guid":{"rendered":"http:\/\/www.zonaroja.com.mx\/?p=41881"},"modified":"2022-06-01T08:50:27","modified_gmt":"2022-06-01T13:50:27","slug":"ganara-el-oaxaca-chingon-reitera-alejandro-aviles","status":"publish","type":"post","link":"https:\/\/zonaroja.com.mx\/?p=41881","title":{"rendered":"\u201cGanar\u00e1 el Oaxaca ching\u00f3n\u201d, reitera Alejandro Avil\u00e9s"},"content":{"rendered":"\n<p>Redacci\u00f3n\/Zona Roja.<\/p>\n\n\n\n<p>Oaxaca de Ju\u00e1rez, Oax., 1 de junio de 2022.- Al encabezar un emotivo cierre de campa\u00f1a en Santiago Chazumba, en la regi\u00f3n Mixteca, el candidato del PRI-PRD a la gubernatura de Oaxaca, Alejandro Avil\u00e9s \u00c1lvarez garantiz\u00f3 que durante los pr\u00f3ximos seis a\u00f1os las jefas de familia, madres solteras, j\u00f3venes, adultos mayores, campesinos y productores, tendr\u00e1n mejores condiciones de vida y oportunidades para su estabilidad social.&nbsp;<\/p>\n\n\n\n<p>\u201cSiempre he sido un luchador de los pueblos, de la gente que menos tiene, de los derechos de las ni\u00f1as y ni\u00f1os. Toda mi vida he luchado por las injusticias, por abatir la pobreza para que las familias tengan un mejor nivel de vida y mejores oportunidades\u201d, ponder\u00f3 en su mensaje.&nbsp;<\/p>\n\n\n\n<p>El \u201cTriple A\u201d sostuvo que como gobernador, apoyar\u00e1 a las mujeres oaxaque\u00f1as y adultos mayores para que nunca les falte seguridad, trabajo y salud, porque ser\u00e1n el centro de los programas sociales que desarrollar\u00e1 el gobierno estatal en las ocho regiones.&nbsp;<\/p>\n\n\n\n<p>\u201cMe lastima mucho ver a muchas mujeres que no tienen para ir a una consulta m\u00e9dica y mucho menos para medicamentos, cuando se enferman sus hijos no cuentan con servicios dignos, lo mismo pasa con los adultos mayores cuando necesitan ex\u00e1menes de prevenci\u00f3n. Por eso, mi lucha ser\u00e1 para que tengan un trato digno\u201d, reiter\u00f3.&nbsp;<\/p>\n\n\n\n<p>El candidato tricolor indic\u00f3 que las y los productores del campo que no cuenten con equipos y herramientas para desempe\u00f1ar sus actividades productivas, tendr\u00e1n acceso a cr\u00e9ditos y financiamientos para potenciar su crecimiento y competitividad en las regiones de Oaxaca.&nbsp;<\/p>\n\n\n\n<p>\u201cVamos a realizar todas las acciones necesarias para mejorar las carreteras y todos los caminos, para que sus productos lleguen en buenas condiciones. Los campesinos, agricultores y comerciantes necesitan que hagamos estas tareas porque de esto depende su desarrollo y prosperidad\u201d, resalt\u00f3.&nbsp;<\/p>\n\n\n\n<p>El candidato del PRI-PRD se dijo listo para la contienda del pr\u00f3ximo 5 de junio. \u201cGanar\u00e1 el Oaxaca ching\u00f3n, el de la esperanza, desarrollo y justicia. Ya nos toca vivir mejor. Tienen mi palabra de que cumplir\u00e9 con todos los compromisos que he hecho con ustedes a lo largo de mi campa\u00f1a. No les voy a fallar\u201d finaliz\u00f3.<\/p>\n\n\n\n<p>Durante su recorrido en la Mixteca, Alejandro Avil\u00e9s sostuvo un encuentro con la militancia priista de Huajuapan de Le\u00f3n, a quienes reafirm\u00f3 su compromiso de trabajar con esfuerzo y dedicaci\u00f3n para lograr un Oaxaca con transformaci\u00f3n y bienestar.  <\/p>\n","protected":false},"excerpt":{"rendered":"<p>Redacci\u00f3n\/Zona Roja. Oaxaca de Ju\u00e1rez, Oax., 1 de junio de 2022.- Al encabezar un emotivo&hellip;<\/p>\n","protected":false},"author":2,"featured_media":41886,"comment_status":"closed","ping_status":"open","sticky":false,"template":"","format":"standard","meta":{"_lmt_disableupdate":"","_lmt_disable":"","_jetpack_memberships_contains_paid_content":false,"footnotes":""},"categories":[109,46],"tags":[],"class_list":["post-41881","post","type-post","status-publish","format-standard","has-post-thumbnail","hentry","category-minuto-a-minuto","category-zona-blanca"],"jetpack_featured_media_url":"https:\/\/zonaroja.com.mx\/wp-content\/uploads\/2022\/06\/img_5806.jpg","jetpack_sharing_enabled":true,"_links":{"self":[{"href":"https:\/\/zonaroja.com.mx\/index.php?rest_route=\/wp\/v2\/posts\/41881","targetHints":{"allow":["GET"]}}],"collection":[{"href":"https:\/\/zonaroja.com.mx\/index.php?rest_route=\/wp\/v2\/posts"}],"about":[{"href":"https:\/\/zonaroja.com.mx\/index.php?rest_route=\/wp\/v2\/types\/post"}],"author":[{"embeddable":true,"href":"https:\/\/zonaroja.com.mx\/index.php?rest_route=\/wp\/v2\/users\/2"}],"replies":[{"embeddable":true,"href":"https:\/\/zonaroja.com.mx\/index.php?rest_route=%2Fwp%2Fv2%2Fcomments&post=41881"}],"version-history":[{"count":2,"href":"https:\/\/zonaroja.com.mx\/index.php?rest_route=\/wp\/v2\/posts\/41881\/revisions"}],"predecessor-version":[{"id":41887,"href":"https:\/\/zonaroja.com.mx\/index.php?rest_route=\/wp\/v2\/posts\/41881\/revisions\/41887"}],"wp:featuredmedia":[{"embeddable":true,"href":"https:\/\/zonaroja.com.mx\/index.php?rest_route=\/wp\/v2\/media\/41886"}],"wp:attachment":[{"href":"https:\/\/zonaroja.com.mx\/index.php?rest_route=%2Fwp%2Fv2%2Fmedia&parent=41881"}],"wp:term":[{"taxonomy":"category","embeddable":true,"href":"https:\/\/zonaroja.com.mx\/index.php?rest_route=%2Fwp%2Fv2%2Fcategories&post=41881"},{"taxonomy":"post_tag","embeddable":true,"href":"https:\/\/zonaroja.com.mx\/index.php?rest_route=%2Fwp%2Fv2%2Ftags&post=41881"}],"curies":[{"name":"wp","href":"https:\/\/api.w.org\/{rel}","templated":true}]}}