{"id":41889,"date":"2022-06-01T15:56:26","date_gmt":"2022-06-01T20:56:26","guid":{"rendered":"http:\/\/www.zonaroja.com.mx\/?p=41889"},"modified":"2022-06-01T16:01:47","modified_gmt":"2022-06-01T21:01:47","slug":"morena-deberia-estar-pidiendo-perdon-no-el-voto-pri-rumbo-al-5-de-junio","status":"publish","type":"post","link":"https:\/\/zonaroja.com.mx\/?p=41889","title":{"rendered":"Morena deber\u00eda estar pidiendo perd\u00f3n, no el voto: PRI rumbo al 5 de junio"},"content":{"rendered":"\n<p>Yuridiana Sosa\/Zona Roja.<\/p>\n\n\n\n<p>Oaxaca de Ju\u00e1rez, Oax., 1 de junio de 2022.- En Oaxaca, como en otras entidades del pa\u00eds donde habr\u00e1 elecciones para gubernaturas, el Partido Morena deber\u00eda pedir perd\u00f3n \u2013en la campa\u00f1a-, no el voto, ante las decisiones que ha tomado en perjuicio de los mexicanos, destac\u00f3 el presidente del PRI en Oaxaca, Javier Villaca\u00f1a Jim\u00e9nez.<\/p>\n\n\n\n<p>A menos de una semana del proceso electoral del 5 de junio, el equipo de campa\u00f1a del candidato com\u00fan del PRI-PRD, Alejandro Avil\u00e9s \u00c1lvarez, ofreci\u00f3 la \u00faltima conferencia de prensa previo a la veda electoral, para reafirmar sus compromisos y trabajos para que la jornada del domingo se realice de forma eficiente, as\u00ed como se\u00f1alar las deficiencias de los gobiernos de Morena.<\/p>\n\n\n\n<p>Villaca\u00f1a Jim\u00e9nez se\u00f1al\u00f3 las graves consecuencias que hoy tiene en Oaxaca la desaparici\u00f3n del Fideicomiso Fondo de Desastres Naturales (Fonden), que aprob\u00f3 Morena, ante el impacto del hurac\u00e1n \u201cAgatha\u201d.<\/p>\n\n\n\n<p>\u201cMorena, deber\u00eda estar pidiendo perd\u00f3n, no pidiendo el voto. Porque son ellos los culpables de toda la inseguridad, los que en sus discursos ma\u00f1aneros hablan de proteger al crimen organizado porque son persona\u201d, coment\u00f3 el dirigente.<\/p>\n\n\n\n<p>En su participaci\u00f3n, destac\u00f3 una serie de situaciones que consideran incongruentes, pero perjudiciales para los ciudadanos, como que dejaron sin servicios m\u00e9dicos a cientos y miles de familias y en Oaxaca no dieron recursos para la contrataci\u00f3n de m\u00e9dicos, pero prefieren traer a m\u00e9dicos de cuba; que dejaron a los ni\u00f1os enfermos de c\u00e1ncer sin tratamientos, entre otras cosas.<\/p>\n\n\n\n<p>As\u00ed como destac\u00f3 el tema de la gasolina y programas sociales que elimin\u00f3 en perjuicio de madres solteras, la ni\u00f1ez y madres trabajadoras.<\/p>\n\n\n\n<p>\u201cMorena nos ofreci\u00f3 una cuarta transformaci\u00f3n y nos dieron una transformaci\u00f3n de cuarta\u201d, destac\u00f3 el priista, quien agreg\u00f3 que esta elecci\u00f3n es de dos, y de un lado se encuentra el candidato del PRI con m\u00faltiples propuestas y del otro, s\u00f3lo con ocurrencias.<\/p>\n\n\n\n<figure class=\"wp-block-embed is-type-rich is-provider-twitter wp-block-embed-twitter\"><div class=\"wp-block-embed__wrapper\">\n<div class=\"twitter-tweet\"><blockquote class=\"twitter-tweet\" data-lang=\"es\"><p lang=\"es\" dir=\"ltr\"><a href=\"https:\/\/twitter.com\/hashtag\/EleccionesOaxaca2022?src=hash&amp;ref_src=twsrc%5Etfw\">#EleccionesOaxaca2022<\/a> <br>En la conferencia del equipo de <a href=\"https:\/\/twitter.com\/_AvilesAlvarez?ref_src=twsrc%5Etfw\">@_AvilesAlvarez<\/a>, <a href=\"https:\/\/twitter.com\/JAHFraguas?ref_src=twsrc%5Etfw\">@JAHFraguas<\/a> destac\u00f3 la organizaci\u00f3n de la jornada electoral y reconoci\u00f3 el esfuerzo del <a href=\"https:\/\/twitter.com\/IEEPCO?ref_src=twsrc%5Etfw\">@IEEPCO<\/a>.<br>Asimismo, pidi\u00f3 al <a href=\"https:\/\/twitter.com\/INEMexico?ref_src=twsrc%5Etfw\">@INEMexico<\/a> analizar el caso de la consejera <a href=\"https:\/\/twitter.com\/karina_angeles6?ref_src=twsrc%5Etfw\">@karina_angeles6<\/a>, por operar a favor de Morena. <a href=\"https:\/\/t.co\/GmhGgEw2qx\">pic.twitter.com\/GmhGgEw2qx<\/a><\/p>&mdash; Zona Roja Oaxaca (@ZonaRoja_Oaxaca) <a href=\"https:\/\/twitter.com\/ZonaRoja_Oaxaca\/status\/1532087131992207363?ref_src=twsrc%5Etfw\">1 de junio de 2022<\/a><\/blockquote><\/div>\n<\/div><\/figure>\n\n\n\n<p>CAMPA\u00d1A GANADORA<\/p>\n\n\n\n<p>El proceso de campa\u00f1a del candidato del PRI-PRD, Alejandro Avil\u00e9s \u00c1lvarez, se desarroll\u00f3 sin caer en descalificaciones, \u201cjugamos limpio y no queda duda que de esa manera vamos a ganar\u201d, indic\u00f3 Marian Ben\u00edtez, encargada de la comunicaci\u00f3n social en la campa\u00f1a.<\/p>\n\n\n\n<p>Asegur\u00f3 que el candidato com\u00fan a la gubernatura de Oaxaca logr\u00f3 hacer un gran equipo de trabajo con la gente, desde los municipios y comunidades, donde mostr\u00f3 propuestas claras y concretas como ning\u00fan otro candidato.<\/p>\n\n\n\n<p>Por su parte, el representante del PRI Oaxaca ante el Instituto Estatal Electoral y de Participaci\u00f3n Ciudadana de Oaxaca (IEEPCO), Jos\u00e9 Antonio Hern\u00e1ndez Fraguas, se\u00f1al\u00f3 que conf\u00edan en la imparcialidad de este \u00f3rgano electoral, el cual hasta el momento ha desempe\u00f1ado una labor puntual y responsable.<\/p>\n\n\n\n<p>Precis\u00f3 que el PRI ha presentado una serie de quejas, denuncias e iniciado juicios electorales, ante la presunta comisi\u00f3n de actos ilegales del equipo contrario de Morena.<\/p>\n\n\n\n<p>Una de las acciones m\u00e1s recientes que denunciaron ante la Secretar\u00eda Ejecutiva del \u00f3rgano fue por el arribo tr\u00e1ileres con fertilizantes en distintos municipios, los cuales estar\u00e1n en vigilancia para que no se ocupen como materia para la coacci\u00f3n del voto.<\/p>\n\n\n\n<p>Pues Morena ha ocupado a los servidores de la naci\u00f3n, servidores p\u00fablicos federales, para visitar los domicilios y advertirles que si no votan por su partido se les retirar\u00e1n los apoyos, esto a pesar que por ley deben seguir aplic\u00e1ndose sin distingo, pues as\u00ed qued\u00f3 constituido.<\/p>\n\n\n\n<p>Hern\u00e1ndez Fraguas lament\u00f3 que el gobierno de M\u00e9xico quiera ocupar la tragedia en Oaxaca sobre el hurac\u00e1n \u201cAgatha\u201d para intervenir con apoyos como parte de una estrategia pol\u00edtica a favor del candidato de Morena en Oaxaca, pues el presidente de M\u00e9xico, Andr\u00e9s Manuel L\u00f3pez Obrador, pidi\u00f3 al gobierno estatal evitar acciones que intervengan con la veda electoral.&nbsp;<\/p>\n\n\n\n<figure class=\"wp-block-embed is-type-rich is-provider-twitter wp-block-embed-twitter\"><div class=\"wp-block-embed__wrapper\">\n<div class=\"twitter-tweet\"><blockquote class=\"twitter-tweet\" data-lang=\"es\"><p lang=\"es\" dir=\"ltr\"><a href=\"https:\/\/twitter.com\/hashtag\/ENVIVO?src=hash&amp;ref_src=twsrc%5Etfw\">#ENVIVO<\/a><br>Oaxaca de Ju\u00e1rez, Oax., 1 de junio de 2022.- Conferencia de prensa del equipo de campa\u00f1a del candidato a gobernador por el PRI-PRD, <a href=\"https:\/\/twitter.com\/_AvilesAlvarez?ref_src=twsrc%5Etfw\">@_AvilesAlvarez<\/a>.<br>La vocera <a href=\"https:\/\/twitter.com\/marianabenitezt?ref_src=twsrc%5Etfw\">@marianabenitezt<\/a> destaca el \u00e9xito de la jornada proselitista.<br>Siga aqu\u00ed la transmisi\u00f3n:\ud83d\udc47<a href=\"https:\/\/t.co\/n3d0DE4S3c\">https:\/\/t.co\/n3d0DE4S3c<\/a> <a href=\"https:\/\/t.co\/n9ZxcfgRjH\">pic.twitter.com\/n9ZxcfgRjH<\/a><\/p>&mdash; Zona Roja Oaxaca (@ZonaRoja_Oaxaca) <a href=\"https:\/\/twitter.com\/ZonaRoja_Oaxaca\/status\/1532018510142001156?ref_src=twsrc%5Etfw\">1 de junio de 2022<\/a><\/blockquote><\/div>\n<\/div><\/figure>\n","protected":false},"excerpt":{"rendered":"<p>Yuridiana Sosa\/Zona Roja. Oaxaca de Ju\u00e1rez, Oax., 1 de junio de 2022.- En Oaxaca, como&hellip;<\/p>\n","protected":false},"author":2,"featured_media":41892,"comment_status":"closed","ping_status":"open","sticky":false,"template":"","format":"standard","meta":{"_lmt_disableupdate":"","_lmt_disable":"","_jetpack_memberships_contains_paid_content":false,"footnotes":""},"categories":[109,46],"tags":[2456],"class_list":["post-41889","post","type-post","status-publish","format-standard","has-post-thumbnail","hentry","category-minuto-a-minuto","category-zona-blanca","tag-javier-villacana-jimenez"],"jetpack_featured_media_url":"https:\/\/zonaroja.com.mx\/wp-content\/uploads\/2022\/06\/789b9435-55e7-46a9-8766-d273b810ff15.jpg","jetpack_sharing_enabled":true,"_links":{"self":[{"href":"https:\/\/zonaroja.com.mx\/index.php?rest_route=\/wp\/v2\/posts\/41889","targetHints":{"allow":["GET"]}}],"collection":[{"href":"https:\/\/zonaroja.com.mx\/index.php?rest_route=\/wp\/v2\/posts"}],"about":[{"href":"https:\/\/zonaroja.com.mx\/index.php?rest_route=\/wp\/v2\/types\/post"}],"author":[{"embeddable":true,"href":"https:\/\/zonaroja.com.mx\/index.php?rest_route=\/wp\/v2\/users\/2"}],"replies":[{"embeddable":true,"href":"https:\/\/zonaroja.com.mx\/index.php?rest_route=%2Fwp%2Fv2%2Fcomments&post=41889"}],"version-history":[{"count":2,"href":"https:\/\/zonaroja.com.mx\/index.php?rest_route=\/wp\/v2\/posts\/41889\/revisions"}],"predecessor-version":[{"id":41893,"href":"https:\/\/zonaroja.com.mx\/index.php?rest_route=\/wp\/v2\/posts\/41889\/revisions\/41893"}],"wp:featuredmedia":[{"embeddable":true,"href":"https:\/\/zonaroja.com.mx\/index.php?rest_route=\/wp\/v2\/media\/41892"}],"wp:attachment":[{"href":"https:\/\/zonaroja.com.mx\/index.php?rest_route=%2Fwp%2Fv2%2Fmedia&parent=41889"}],"wp:term":[{"taxonomy":"category","embeddable":true,"href":"https:\/\/zonaroja.com.mx\/index.php?rest_route=%2Fwp%2Fv2%2Fcategories&post=41889"},{"taxonomy":"post_tag","embeddable":true,"href":"https:\/\/zonaroja.com.mx\/index.php?rest_route=%2Fwp%2Fv2%2Ftags&post=41889"}],"curies":[{"name":"wp","href":"https:\/\/api.w.org\/{rel}","templated":true}]}}