{"id":4189,"date":"2019-09-22T16:37:33","date_gmt":"2019-09-22T21:37:33","guid":{"rendered":"http:\/\/www.zonaroja.com.mx\/?p=4189"},"modified":"2019-09-22T16:37:35","modified_gmt":"2019-09-22T21:37:35","slug":"impunes-asaltos-a-bancos-y-negocios-hoy-medio-millon-a-casa-de-empeno-en-la-capital","status":"publish","type":"post","link":"https:\/\/zonaroja.com.mx\/?p=4189","title":{"rendered":"Impunes, asaltos a bancos y negocios; hoy medio mill\u00f3n a casa de empe\u00f1o en la capital"},"content":{"rendered":"\n<p>Ismael\nGarc\u00eda M.\/Zona Roja.<\/p>\n\n\n\n<p>Oaxaca de\nJu\u00e1rez, Oax., 22 de septiembre de 2019.- Un asalto a una sucursal de la casa \u201cEmpe\u00f1os\nMexicanos\u201d se perpetr\u00f3 la ma\u00f1ana de este domingo, en que dos sujetos se\nllevaron al menos medio mill\u00f3n de pesos en joyas.<\/p>\n\n\n\n<p>Los hechos\nocurrieron alrededor de las 10:30 horas en la sucursal ubicada en la calle\nHeroico Colegio Miltar esquina privada de Jazmines, colonia Reforma; los\nindividuos pidieron les mostraran joyas que supuestamente comprar\u00edan y, al\ntenerlas en las manos, amagaron con armas a los empleados y huyeron con la\nmercanc\u00eda.<\/p>\n\n\n\n<p>Este atraco se suma a dos asaltos a los bancos HSBC, el pasado mi\u00e9rcoles en jurisdicci\u00f3n de Tlalixtaca de Cabrera, y a Scotiabank, el viernes 20 en la capital. En los tres casos no hay personas detenidas.<\/p>\n\n\n\n<figure class=\"wp-block-embed-twitter wp-block-embed is-type-rich is-provider-twitter\"><div class=\"wp-block-embed__wrapper\">\n<div class=\"twitter-tweet\"><blockquote class=\"twitter-tweet\" data-lang=\"es\"><p lang=\"es\" dir=\"ltr\"><a href=\"https:\/\/twitter.com\/hashtag\/OaxacaRojo?src=hash&amp;ref_src=twsrc%5Etfw\">#OaxacaRojo<\/a><br>In\u00e9dito: siguen la inseguridad y los asaltos en Oaxaca capital y ahora fue \u201cEmpe\u00f1os Mexicanos\u201d, en privada de Jazmines esquina Heroico Colegio Militar, colonia Reforma. El monto, aproximadamente 500 mil pesos en joyas. <a href=\"https:\/\/t.co\/1kTwW2Sa63\">pic.twitter.com\/1kTwW2Sa63<\/a><\/p>&mdash; Zona Roja Oaxaca (@MexRoja) <a href=\"https:\/\/twitter.com\/MexRoja\/status\/1175815555732967427?ref_src=twsrc%5Etfw\">22 de septiembre de 2019<\/a><\/blockquote><\/div>\n<\/div><\/figure>\n\n\n\n<p>El 26 de\nagosto de este a\u00f1o, en conferencia de prensa, el fiscal Rub\u00e9n Vasconcelos\nM\u00e9ndez presumi\u00f3 y augur\u00f3:<\/p>\n\n\n\n<p>\u201cConsideramos\nque este golpe de la Fiscal\u00eda (la detenci\u00f3n de siete sujetos este a\u00f1o) es muy\nimportante y seguramente junto con la labor que efect\u00fae la Secretar\u00eda de\nSeguridad P\u00fablica y la Polic\u00eda Municipal de Oaxaca de Ju\u00e1rez, una disminuci\u00f3n\nen la capital de este delito\u201d.<\/p>\n\n\n\n<p>En ese\nentonces, se refiri\u00f3 que hab\u00eda 25 carpetas de investigaci\u00f3n por robo a\ncuentahabientes y que hab\u00eda avances importantes en las investigaciones. Sin\nembargo, en casi un mes se han perpetrado al menos cinco asaltos, uno de ellos\nel 2 de septiembre con un bot\u00edn de un mill\u00f3n de pesos, y no hay m\u00e1s detenidos.<\/p>\n\n\n\n<p>En esa misma\nconferencia de prensa del fiscal, el secretario de Seguridad P\u00fablica, Ra\u00fal\nErnesto Salcedo &#8211;quien est\u00e1 por cumplir tres meses en el cargo&#8211; tambi\u00e9n presumi\u00f3\nsu estrategia \u201cCuadrante seguro\u201d:<\/p>\n\n\n\n<p>\u201cEmpezamos\ncon 11 cuadrantes en la zona metropolitana de la capital; tenemos este mismo\nesquema en Tuxtepec, Santa Luc\u00eda del Camino, Xoxocotl\u00e1n y Juchit\u00e1n, donde hemos\nafinado la coordinaci\u00f3n con las polic\u00edas municipales, acordando tareas\nespec\u00edficas de acuerdo con sus responsabilidades\u201d, dijo.<\/p>\n\n\n\n<p>En los\nhechos, la delincuencia ha rebasado a las instituciones de seguridad y\nprocuraci\u00f3n de justicia y no hay resultados, pese a cambios de mandos en la\nSecretar\u00eda de Seguridad P\u00fablica estatal, en la Polic\u00eda Estatal y en la Agencia\nEstatal de Investigaciones (AEI).<\/p>\n","protected":false},"excerpt":{"rendered":"<p>Ismael Garc\u00eda M.\/Zona Roja. Oaxaca de Ju\u00e1rez, Oax., 22 de septiembre de 2019.- Un asalto&hellip;<\/p>\n","protected":false},"author":2,"featured_media":4190,"comment_status":"closed","ping_status":"open","sticky":false,"template":"","format":"standard","meta":{"_lmt_disableupdate":"","_lmt_disable":"","_jetpack_memberships_contains_paid_content":false,"footnotes":""},"categories":[109,51],"tags":[750],"class_list":["post-4189","post","type-post","status-publish","format-standard","has-post-thumbnail","hentry","category-minuto-a-minuto","category-zona-roja","tag-asalto-casa-empenos-mexicanos-oaxaca"],"jetpack_featured_media_url":"https:\/\/zonaroja.com.mx\/wp-content\/uploads\/2019\/09\/IMG_0375.jpg","jetpack_sharing_enabled":true,"_links":{"self":[{"href":"https:\/\/zonaroja.com.mx\/index.php?rest_route=\/wp\/v2\/posts\/4189","targetHints":{"allow":["GET"]}}],"collection":[{"href":"https:\/\/zonaroja.com.mx\/index.php?rest_route=\/wp\/v2\/posts"}],"about":[{"href":"https:\/\/zonaroja.com.mx\/index.php?rest_route=\/wp\/v2\/types\/post"}],"author":[{"embeddable":true,"href":"https:\/\/zonaroja.com.mx\/index.php?rest_route=\/wp\/v2\/users\/2"}],"replies":[{"embeddable":true,"href":"https:\/\/zonaroja.com.mx\/index.php?rest_route=%2Fwp%2Fv2%2Fcomments&post=4189"}],"version-history":[{"count":1,"href":"https:\/\/zonaroja.com.mx\/index.php?rest_route=\/wp\/v2\/posts\/4189\/revisions"}],"predecessor-version":[{"id":4191,"href":"https:\/\/zonaroja.com.mx\/index.php?rest_route=\/wp\/v2\/posts\/4189\/revisions\/4191"}],"wp:featuredmedia":[{"embeddable":true,"href":"https:\/\/zonaroja.com.mx\/index.php?rest_route=\/wp\/v2\/media\/4190"}],"wp:attachment":[{"href":"https:\/\/zonaroja.com.mx\/index.php?rest_route=%2Fwp%2Fv2%2Fmedia&parent=4189"}],"wp:term":[{"taxonomy":"category","embeddable":true,"href":"https:\/\/zonaroja.com.mx\/index.php?rest_route=%2Fwp%2Fv2%2Fcategories&post=4189"},{"taxonomy":"post_tag","embeddable":true,"href":"https:\/\/zonaroja.com.mx\/index.php?rest_route=%2Fwp%2Fv2%2Ftags&post=4189"}],"curies":[{"name":"wp","href":"https:\/\/api.w.org\/{rel}","templated":true}]}}