{"id":41904,"date":"2022-06-01T21:34:55","date_gmt":"2022-06-02T02:34:55","guid":{"rendered":"http:\/\/www.zonaroja.com.mx\/?p=41904"},"modified":"2022-06-01T21:34:57","modified_gmt":"2022-06-02T02:34:57","slug":"zona-danada-por-agatha-registra-dos-bloqueos-carreteros-otros-en-istmo","status":"publish","type":"post","link":"https:\/\/zonaroja.com.mx\/?p=41904","title":{"rendered":"Zona da\u00f1ada por \u201cAgatha\u201d registra dos bloqueos carreteros; otros en Istmo"},"content":{"rendered":"\n<p>Redacci\u00f3n\/Zona Roja.<\/p>\n\n\n\n<p>Oaxaca de Ju\u00e1rez, Oax., 1 de junio de 2022.- Ni la emergencia provocada por el hurac\u00e1n \u201cAgatha\u201d impide los bloqueos en la zona devastada por el meteoro y este primer d\u00eda del mes se registran dos cierres viales.<\/p>\n\n\n\n<p>Uno sobre la v\u00eda federal n\u00famero 200 en jurisdicci\u00f3n del municipio de San Pedro Mixtepec, por parte de pobladores de las comunidades San Jos\u00e9 Manialtepec, Las Negras y El Aguaje, quienes exigen atenci\u00f3n del gobierno federal a trav\u00e9s del Consejo Nacional de Pesca.<\/p>\n\n\n\n<p>Por segundo d\u00eda, demandan apoyos para los pescadores de dichas zonas, pues aseguran que ni de la autoridad estatal ni de la federal ha habido atenci\u00f3n hacia ellos.<\/p>\n\n\n\n<p>Un segundo bloqueo sobre la misma carretera, pero en jurisdicci\u00f3n de Santa Maria Huamelula se instal\u00f3 la noche de hoy.<\/p>\n\n\n\n<p>Hasta el momento se desconoce qui\u00e9n o qui\u00e9nes son los inconformes que cierran la vialidad, \u00fanica de comunicaci\u00f3n del Istmo con la Costa.<\/p>\n\n\n\n<p>Por otra parte, pobladores de cuatro agencias de San Juan Mazatl\u00e1n Mixe cumplieron un tercer d\u00eda de cierre de la v\u00eda federal Trans\u00edstmica, a la altura del municipio de Mat\u00edas Romero Avenda\u00f1o.<\/p>\n\n\n\n<p>Exigen recursos presupuestales por el orden de los 12 millones de pesos y que sean entregados al \u201cpresidente comunitario\u201d que designaron.<\/p>\n\n\n\n<p>En tanto, la Secretar\u00eda General de Gobierno (Segego) lament\u00f3 qu\u00e9, de nuevo, el edil Macario Eleuterio Jim\u00e9nez no d\u00e9 la cara para atender esta problem\u00e1tica.<\/p>\n\n\n\n<p>Este cierre vial ya ha provocado la irritaci\u00f3n de empresarios, transportistas y comerciantes de Mat\u00edas Romero y otras localidades circunvecinas, que exigen se reabra el tr\u00e1nsito vehicular, as\u00ed sea con el uso de la fuerza p\u00fablica.<\/p>\n\n\n\n<p>Un segundo bloqueo se registr\u00f3 este mi\u00e9rcoles en la regi\u00f3n del Istmo, aunque por unas horas, en la v\u00eda federal 190, a la altura de la comunidad de Las \u00c1nimas, que demandan la reconstrucci\u00f3n de un puente.<\/p>\n","protected":false},"excerpt":{"rendered":"<p>Redacci\u00f3n\/Zona Roja. Oaxaca de Ju\u00e1rez, Oax., 1 de junio de 2022.- Ni la emergencia provocada&hellip;<\/p>\n","protected":false},"author":2,"featured_media":41905,"comment_status":"closed","ping_status":"open","sticky":false,"template":"","format":"standard","meta":{"_lmt_disableupdate":"","_lmt_disable":"","_jetpack_memberships_contains_paid_content":false,"footnotes":""},"categories":[109,47],"tags":[2264],"class_list":["post-41904","post","type-post","status-publish","format-standard","has-post-thumbnail","hentry","category-minuto-a-minuto","category-zona-gris","tag-bloqueos-y-protestas-oaxaca"],"jetpack_featured_media_url":"https:\/\/zonaroja.com.mx\/wp-content\/uploads\/2022\/06\/Bloqueo-Mixtepec-Costa.jpg","jetpack_sharing_enabled":true,"_links":{"self":[{"href":"https:\/\/zonaroja.com.mx\/index.php?rest_route=\/wp\/v2\/posts\/41904","targetHints":{"allow":["GET"]}}],"collection":[{"href":"https:\/\/zonaroja.com.mx\/index.php?rest_route=\/wp\/v2\/posts"}],"about":[{"href":"https:\/\/zonaroja.com.mx\/index.php?rest_route=\/wp\/v2\/types\/post"}],"author":[{"embeddable":true,"href":"https:\/\/zonaroja.com.mx\/index.php?rest_route=\/wp\/v2\/users\/2"}],"replies":[{"embeddable":true,"href":"https:\/\/zonaroja.com.mx\/index.php?rest_route=%2Fwp%2Fv2%2Fcomments&post=41904"}],"version-history":[{"count":1,"href":"https:\/\/zonaroja.com.mx\/index.php?rest_route=\/wp\/v2\/posts\/41904\/revisions"}],"predecessor-version":[{"id":41906,"href":"https:\/\/zonaroja.com.mx\/index.php?rest_route=\/wp\/v2\/posts\/41904\/revisions\/41906"}],"wp:featuredmedia":[{"embeddable":true,"href":"https:\/\/zonaroja.com.mx\/index.php?rest_route=\/wp\/v2\/media\/41905"}],"wp:attachment":[{"href":"https:\/\/zonaroja.com.mx\/index.php?rest_route=%2Fwp%2Fv2%2Fmedia&parent=41904"}],"wp:term":[{"taxonomy":"category","embeddable":true,"href":"https:\/\/zonaroja.com.mx\/index.php?rest_route=%2Fwp%2Fv2%2Fcategories&post=41904"},{"taxonomy":"post_tag","embeddable":true,"href":"https:\/\/zonaroja.com.mx\/index.php?rest_route=%2Fwp%2Fv2%2Ftags&post=41904"}],"curies":[{"name":"wp","href":"https:\/\/api.w.org\/{rel}","templated":true}]}}