{"id":41907,"date":"2022-06-01T21:52:21","date_gmt":"2022-06-02T02:52:21","guid":{"rendered":"http:\/\/www.zonaroja.com.mx\/?p=41907"},"modified":"2022-06-01T21:52:22","modified_gmt":"2022-06-02T02:52:22","slug":"recula-el-gobierno-y-dice-que-son-9-muertos-y-4-desaparecidos-por-agatha","status":"publish","type":"post","link":"https:\/\/zonaroja.com.mx\/?p=41907","title":{"rendered":"Recula el gobierno y dice que son 9 muertos y 4 desaparecidos, por \u201cAgatha\u201d"},"content":{"rendered":"\n<p>Redacci\u00f3n\/Zona Roja.<\/p>\n\n\n\n<p>Oaxaca de Ju\u00e1rez, Oax., a 1 de junio de 2022.- Luego de que el gobernador Alejandro Murat Hinojosa declarara a diversos medios de comunicaci\u00f3n nacionales que \u201cAgatha\u201d hab\u00eda dejado 11 muertos y al menos 33 desaparecidos, el gobierno de Oaxaca ajust\u00f3 la cifra a nueve decesos y 4 personas sin localizar.<\/p>\n\n\n\n<p>En un comunicado, la autoridad estatal inform\u00f3 que el mandatario y el secretario de la Defensa Nacional (Sedena), general Luis Cresencio Sandoval, encabezaron la quinta reuni\u00f3n de la sesi\u00f3n permanente del Consejo Estatal de Protecci\u00f3n Civil, en donde informaron la llegada de m\u00e1s de ocho mil despensas con v\u00edveres para las familias damnificadas por el paso del hurac\u00e1n \u201c\u00c1gatha\u201d, las cuales se distribuir\u00e1n con la ayuda de dos mil 864 elementos de la Sedena, Secretar\u00eda de Marina (Semar) y Guardia Nacional (GN).&nbsp;<\/p>\n\n\n\n<p>Muratl agradeci\u00f3 nuevamente el apoyo de las Fuerzas Armadas, as\u00ed como la presencia del secretario y de la coordinadora nacional de Protecci\u00f3n Civil, Laura Vel\u00e1squez Alz\u00faa, quien se encuentra en la entidad desde el d\u00eda domingo para coordinar con el Gobierno del Estado y autoridades municipales las acciones de prevenci\u00f3n y atenci\u00f3n a las afectaciones.<\/p>\n\n\n\n<p>En el comunicado, se expuso que el titular de la Sedena inform\u00f3 que se dio inicio a la distribuci\u00f3n de v\u00edveres a trav\u00e9s de seis rutas a las que se accede por puentes a\u00e9reos en ocho helic\u00f3pteros y por v\u00eda terrestre: 1) Pochutla; 2) Mazunte, Zipolite y Puerto \u00c1ngel; 3) Loma Lim\u00f3n y Pluma Hidalgo; 4) Derramadero y Bajos del Coyula, Santa Mar\u00eda Huatulco; 5) Asunci\u00f3n Tlacolulita y 6) Santiago Xanica y Santa Mar\u00eda Huatulco.<\/p>\n\n\n\n<p>Tambi\u00e9n se detall\u00f3 que debido a las condiciones meteorol\u00f3gicas, los puentes a\u00e9reos fueron suspendidos por lo que resta del d\u00eda, pero la atenci\u00f3n se sigue brindando v\u00eda terrestre para seguir con los trabajos de retiro de \u00e1rboles, lodo, limpieza de viviendas, activaci\u00f3n de albergues y servicio de alimentos calientes en los refugios.&nbsp;<\/p>\n\n\n\n<p>Estas tareas han permitido rescatar a una persona adulta mayor que se encontraba atrapada por un derrumbe en Santiago Xanica.\u00a0<\/p>\n\n\n\n<figure class=\"wp-block-embed is-type-rich is-provider-twitter wp-block-embed-twitter\"><div class=\"wp-block-embed__wrapper\">\n<div class=\"twitter-tweet\"><blockquote class=\"twitter-tweet\" data-lang=\"es\"><p lang=\"es\" dir=\"ltr\"><a href=\"https:\/\/twitter.com\/hashtag\/%C3%9AltimoMinuto?src=hash&amp;ref_src=twsrc%5Etfw\">#\u00daltimoMinuto<\/a> <br>El titular de la <a href=\"https:\/\/twitter.com\/SEDENAmx?ref_src=twsrc%5Etfw\">@SEDENAmx<\/a>, <a href=\"https:\/\/twitter.com\/Luis_C_Sandoval?ref_src=twsrc%5Etfw\">@Luis_C_Sandoval<\/a>, llega a Oaxaca para coordinar el apoyo militar a damnificados por \u201cAgatha\u201d.<br>Junto con el gobernador <a href=\"https:\/\/twitter.com\/alejandromurat?ref_src=twsrc%5Etfw\">@alejandromurat<\/a> parte a la regi\u00f3n de la Costa. <br>Inicia tambi\u00e9n el traslado a\u00e9reo de v\u00edveres a la zona siniestrada. <a href=\"https:\/\/t.co\/ZPHe4Nr3ei\">pic.twitter.com\/ZPHe4Nr3ei<\/a><\/p>&mdash; Zona Roja Oaxaca (@ZonaRoja_Oaxaca) <a href=\"https:\/\/twitter.com\/ZonaRoja_Oaxaca\/status\/1532061453586354177?ref_src=twsrc%5Etfw\">1 de junio de 2022<\/a><\/blockquote><\/div>\n<\/div><\/figure>\n\n\n\n<p>Por su parte, la Coordinaci\u00f3n Estatal de Protecci\u00f3n Civil inform\u00f3 que debido al restablecimiento de la comunicaci\u00f3n con las localidades que se hab\u00edan mantenido aisladas, hubo un ajuste a la baja en el n\u00famero de desaparecidos y fallecidos, siendo ahora nueve el total de personas fallecidas confirmadas y cuatro desaparecidas.&nbsp;<\/p>\n\n\n\n<p>Asimismo, se dio a conocer que ya se cuenta con la Declaratoria de Emergencia para los 25 municipios afectados y se est\u00e1 trabajando en la solicitud de las Declaratorias de Desastre que permitir\u00e1n acceder a los recursos necesarios para brindar una atenci\u00f3n oportuna a las comunidades afectadas.<\/p>\n\n\n\n<p>Respecto a la reconstrucci\u00f3n de viviendas, la coordinadora nacional de Protecci\u00f3n Civil, Laura Vel\u00e1squez Alz\u00faa inform\u00f3 que el presidente de M\u00e9xico, Andr\u00e9s Manuel L\u00f3pez Obrador, dio la instrucci\u00f3n para que se incorpore a la Secretar\u00eda de Bienestar para hacer un censo desde ma\u00f1ana a primera hora, y as\u00ed conocer el n\u00famero de casas da\u00f1adas y con ello gestionar los apoyos correspondientes.<\/p>\n\n\n\n<p>En este momento, cinco equipos de emergencia de sanidad, integrados por enfermeras y asistentes de salud p\u00fablica son trasladadas para llevar atenci\u00f3n a personas lesionadas de las comunidades que permanecen parcialmente aisladas.<\/p>\n\n\n\n<p>Por su parte, la Comisi\u00f3n Federal de Electricidad (CFE) anunci\u00f3 que al corte de las 15:00 hrs., seis poblaciones se mantienen con suspensi\u00f3n parcial del servicio de energ\u00eda el\u00e9ctrica: Santa Mar\u00eda Tonameca, San Pedro Pochutla, Santa Mar\u00eda Huatulco, San Bartolom\u00e9 Loxicha y Santa Mar\u00eda Ozolotepec; con un total de 28 mil 828 personas afectadas. Cabe destacar que hasta el momento se ha logrado restablecer este servicio a ocho mil 391 personas.<\/p>\n\n\n\n<p>Mientras que Caminos y Aeropistas de Oaxaca (CAO) y la Secretar\u00eda de Comunicaciones y Transportes (SCT) informaron que ya se ha restablecido el tr\u00e1nsito vehicular en el 95% de los tramos afectados por derrumbes y deslaves.<\/p>\n\n\n\n<p>El gobernador Alejandro Murat puntualiz\u00f3 que los principales da\u00f1os se localizan en tres zonas, \u201cla costa baja, toda la zona de playa, con \u00e9nfasis en Pochutla, Tonameca y Huatulco. La costa alta, que comprende Coixtepec, Xanica, San Mateo Pi\u00f1as y la Sierra Sur, espec\u00edficamente en la regi\u00f3n de los Ozolotepec, los Loxicha y en la comunidad de Xanagu\u00eda.<\/p>\n\n\n\n<p>\u201cDebemos tomar en cuenta que la Conagua pronostica lluvias para los pr\u00f3ximos d\u00edas, por lo que debemos extremar precauciones y mantenerse en resguardo\u201d, finaliz\u00f3.<\/p>\n","protected":false},"excerpt":{"rendered":"<p>Redacci\u00f3n\/Zona Roja. Oaxaca de Ju\u00e1rez, Oax., a 1 de junio de 2022.- Luego de que&hellip;<\/p>\n","protected":false},"author":2,"featured_media":41908,"comment_status":"closed","ping_status":"open","sticky":false,"template":"","format":"standard","meta":{"_lmt_disableupdate":"","_lmt_disable":"","_jetpack_memberships_contains_paid_content":false,"footnotes":""},"categories":[109,46],"tags":[3154],"class_list":["post-41907","post","type-post","status-publish","format-standard","has-post-thumbnail","hentry","category-minuto-a-minuto","category-zona-blanca","tag-huracan-agatha"],"jetpack_featured_media_url":"https:\/\/zonaroja.com.mx\/wp-content\/uploads\/2022\/06\/Ayuda-humanitaria-Agatha-Oaxaca.jpg","jetpack_sharing_enabled":true,"_links":{"self":[{"href":"https:\/\/zonaroja.com.mx\/index.php?rest_route=\/wp\/v2\/posts\/41907","targetHints":{"allow":["GET"]}}],"collection":[{"href":"https:\/\/zonaroja.com.mx\/index.php?rest_route=\/wp\/v2\/posts"}],"about":[{"href":"https:\/\/zonaroja.com.mx\/index.php?rest_route=\/wp\/v2\/types\/post"}],"author":[{"embeddable":true,"href":"https:\/\/zonaroja.com.mx\/index.php?rest_route=\/wp\/v2\/users\/2"}],"replies":[{"embeddable":true,"href":"https:\/\/zonaroja.com.mx\/index.php?rest_route=%2Fwp%2Fv2%2Fcomments&post=41907"}],"version-history":[{"count":1,"href":"https:\/\/zonaroja.com.mx\/index.php?rest_route=\/wp\/v2\/posts\/41907\/revisions"}],"predecessor-version":[{"id":41909,"href":"https:\/\/zonaroja.com.mx\/index.php?rest_route=\/wp\/v2\/posts\/41907\/revisions\/41909"}],"wp:featuredmedia":[{"embeddable":true,"href":"https:\/\/zonaroja.com.mx\/index.php?rest_route=\/wp\/v2\/media\/41908"}],"wp:attachment":[{"href":"https:\/\/zonaroja.com.mx\/index.php?rest_route=%2Fwp%2Fv2%2Fmedia&parent=41907"}],"wp:term":[{"taxonomy":"category","embeddable":true,"href":"https:\/\/zonaroja.com.mx\/index.php?rest_route=%2Fwp%2Fv2%2Fcategories&post=41907"},{"taxonomy":"post_tag","embeddable":true,"href":"https:\/\/zonaroja.com.mx\/index.php?rest_route=%2Fwp%2Fv2%2Ftags&post=41907"}],"curies":[{"name":"wp","href":"https:\/\/api.w.org\/{rel}","templated":true}]}}