{"id":41910,"date":"2022-06-01T22:24:29","date_gmt":"2022-06-02T03:24:29","guid":{"rendered":"http:\/\/www.zonaroja.com.mx\/?p=41910"},"modified":"2022-06-01T22:24:31","modified_gmt":"2022-06-02T03:24:31","slug":"aspirantes-a-gubernatura-signan-compromisos-por-la-paridad-con-501","status":"publish","type":"post","link":"https:\/\/zonaroja.com.mx\/?p=41910","title":{"rendered":"Aspirantes a gubernatura signan compromisos por la paridad con 50+1"},"content":{"rendered":"\n<p>Redacci\u00f3n\/Zona Roja.<\/p>\n\n\n\n<p>Oaxaca de Ju\u00e1rez, Oax., a 1 de junio de 2022. Con el objetivo de avanzar en la integraci\u00f3n paritaria en los gabinetes estatales, as\u00ed como en la conformaci\u00f3n de una agenda de igualdad entre hombres y mujeres que promueva entre otros principios, la transversalidad de la perspectiva de g\u00e9nero en toda pol\u00edtica p\u00fablica o plan de gobierno a nivel estatal, el colectivo nacional 50+1 y su Cap\u00edtulo Oaxaca impulsaron la firma de un acuerdo entre las y los candidatos a la gubernatura en el estado de Oaxaca.<\/p>\n\n\n\n<p>El acuerdo integrado por cinco compromisos que garantizar\u00e1n la participaci\u00f3n y la inclusi\u00f3n igualitaria de las mujeres en la toma de decisiones a nivel estatal y una vida libre de violencia, fue signado por las candidatas del partido Movimiento Ciudadano, Alejandra Garc\u00eda Morl\u00e1n y Natividad D\u00edaz del Partido Acci\u00f3n Nacional, as\u00ed como por el candidato com\u00fan del PRI-PRD, Alejandro Avil\u00e9s \u00c1lvarez, Bersah\u00edn L\u00f3pez L\u00f3pez del Partido Nueva Alianza as\u00ed como por los candidatos independientes Jes\u00fas L\u00f3pez Rodr\u00edguez y Mauricio Cruz Vargas. El candidato de la Coalici\u00f3n integrada por Morena-PT-PVEM-PUP Salom\u00f3n Jara, fue el \u00fanico que no atendi\u00f3 el llamado del colectivo.<\/p>\n\n\n\n<p>Al respecto, la presidenta del Colectivo 50+1 Cap\u00edtulo Oaxaca, la diputada local, Mariana Ben\u00edtez Tiburcio, destac\u00f3 que se trata de un convenio para garantizar el cumplimiento del principio de paridad constitucional que promueve la participaci\u00f3n igualitaria de hombres y mujeres, en el ejercicio del poder p\u00fablico y la conformaci\u00f3n de una agenda por la igualdad.<\/p>\n\n\n\n<p>\u201cEsta es una iniciativa que nuestro colectivo a nivel nacional viene realizando en cada proceso electoral desde 2019, fecha en que se aprob\u00f3 la reforma constitucional de #ParidadenTodo. En este a\u00f1o en que se disputan 6 gubernaturas en el pa\u00eds, la gran mayor\u00eda de candidatas y candidatos han suscrito estos compromisos con la igualdad, la perspectiva de g\u00e9nero, la paridad y la no violencia contra las mujeres. Oaxaca no pod\u00eda ser la excepci\u00f3n.<\/p>\n\n\n\n<p>\u201cHoy, nuestro estado requiere que las y los gobernantes ponderen la igualdad y no discriminaci\u00f3n contra las mujeres desde el quehacer gubernamental, y que todas las acciones que se ejecuten en el \u00e1mbito del Poder Ejecutivo, Legislativo, Judicial y de los \u00f3rganos constitucionales aut\u00f3nomos se implementen tomando en cuenta la perspectiva de g\u00e9nero de manera transversal\u201d, enfatiz\u00f3.<\/p>\n\n\n\n<p>El Colectivo 50+1 a nivel nacional e internacional est\u00e1 conformado por m\u00e1s de 4000 mujeres, el cual tiene presencia en cada uno de los estados de la Rep\u00fablica, as\u00ed como en paises como Estados Unidos, Colombia, Argentina, entre otros.<\/p>\n\n\n\n<p>En el caso del Cap\u00edtulo Oaxaca que dirigen la diputada Mariana Ben\u00edtez y como vicepresidenta Ana Isabel V\u00e1squez Colmenares, titular de la Secretar\u00eda de las Mujeres de Oaxaca, es un grupo plural de oaxaque\u00f1as conformado por m\u00e1s de 170 mujeres destacadas en el \u00e1mbito de la academia, pol\u00edtica, docencia, notarial, judicial, arte y cultura, electoral, empresarial y del activismo a favor de los derechos humanos, el cual se ha destacado durante sus dos a\u00f1os de activo trabajo, por su agenda y acciones a favor del empoderamiento de las oaxaque\u00f1as y del ejercicio pleno de sus derechos.<\/p>\n\n\n\n<p>\u201cDurante este proceso electoral en el estado, quienes participamos en este colectivo tenemos la firme convicci\u00f3n que nuestra lucha es por la defensa de la igualdad, el empoderamiento femenino y una vida libre de violencia para todas las mujeres de las ocho regiones; y que nuestra participaci\u00f3n dentro de la sociedad se realice con total plenitud y libertad\u201d, subray\u00f3.<\/p>\n\n\n\n<p>Cabe destacar que la firma de este acuerdo de paridad, entrar\u00e1 en vigor posteriormente a la toma de protesta de la gobernadora o gobernador constitucional del estado de Oaxaca para el periodo 2022-2028.<\/p>\n","protected":false},"excerpt":{"rendered":"<p>Redacci\u00f3n\/Zona Roja. Oaxaca de Ju\u00e1rez, Oax., a 1 de junio de 2022. Con el objetivo&hellip;<\/p>\n","protected":false},"author":2,"featured_media":41911,"comment_status":"closed","ping_status":"open","sticky":false,"template":"","format":"standard","meta":{"_lmt_disableupdate":"","_lmt_disable":"","_jetpack_memberships_contains_paid_content":false,"footnotes":""},"categories":[109,46],"tags":[3155],"class_list":["post-41910","post","type-post","status-publish","format-standard","has-post-thumbnail","hentry","category-minuto-a-minuto","category-zona-blanca","tag-colectivo-501"],"jetpack_featured_media_url":"https:\/\/zonaroja.com.mx\/wp-content\/uploads\/2022\/06\/50-mas-1-firma-acuerdo.jpg","jetpack_sharing_enabled":true,"_links":{"self":[{"href":"https:\/\/zonaroja.com.mx\/index.php?rest_route=\/wp\/v2\/posts\/41910","targetHints":{"allow":["GET"]}}],"collection":[{"href":"https:\/\/zonaroja.com.mx\/index.php?rest_route=\/wp\/v2\/posts"}],"about":[{"href":"https:\/\/zonaroja.com.mx\/index.php?rest_route=\/wp\/v2\/types\/post"}],"author":[{"embeddable":true,"href":"https:\/\/zonaroja.com.mx\/index.php?rest_route=\/wp\/v2\/users\/2"}],"replies":[{"embeddable":true,"href":"https:\/\/zonaroja.com.mx\/index.php?rest_route=%2Fwp%2Fv2%2Fcomments&post=41910"}],"version-history":[{"count":1,"href":"https:\/\/zonaroja.com.mx\/index.php?rest_route=\/wp\/v2\/posts\/41910\/revisions"}],"predecessor-version":[{"id":41912,"href":"https:\/\/zonaroja.com.mx\/index.php?rest_route=\/wp\/v2\/posts\/41910\/revisions\/41912"}],"wp:featuredmedia":[{"embeddable":true,"href":"https:\/\/zonaroja.com.mx\/index.php?rest_route=\/wp\/v2\/media\/41911"}],"wp:attachment":[{"href":"https:\/\/zonaroja.com.mx\/index.php?rest_route=%2Fwp%2Fv2%2Fmedia&parent=41910"}],"wp:term":[{"taxonomy":"category","embeddable":true,"href":"https:\/\/zonaroja.com.mx\/index.php?rest_route=%2Fwp%2Fv2%2Fcategories&post=41910"},{"taxonomy":"post_tag","embeddable":true,"href":"https:\/\/zonaroja.com.mx\/index.php?rest_route=%2Fwp%2Fv2%2Ftags&post=41910"}],"curies":[{"name":"wp","href":"https:\/\/api.w.org\/{rel}","templated":true}]}}