{"id":4192,"date":"2019-09-22T19:31:35","date_gmt":"2019-09-23T00:31:35","guid":{"rendered":"http:\/\/www.zonaroja.com.mx\/?p=4192"},"modified":"2019-09-22T19:31:37","modified_gmt":"2019-09-23T00:31:37","slug":"muere-policia-municipal-ahogado-en-laguna-de-santa-maria-camotlan","status":"publish","type":"post","link":"https:\/\/zonaroja.com.mx\/?p=4192","title":{"rendered":"Muere polic\u00eda municipal ahogado en laguna de Santa Mar\u00eda Camotl\u00e1n"},"content":{"rendered":"\n<p>Redacci\u00f3n\/Zona\nRoja.<\/p>\n\n\n\n<p>Oaxaca de\nJu\u00e1rez, Oax., 22 de septiembre de 2019.- Un polic\u00eda local del municipio de Santa\nMar\u00eda Camotl\u00e1n, del distrito de Huajuapan, perdi\u00f3 la vida al ahogarse en una\nlaguna de la comunidad.<\/p>\n\n\n\n<p>Los hechos\nsucedieron ayer por la tarde y el cuerpo de Juan Carlos L. R., de 27 a\u00f1os de edad,\nfue rescatado alrededor de las ocho de la noche, con el apoyo de personal del Cuerpo de\nBomberos y Protecci\u00f3n Civil de Huajuapan de Le\u00f3n.<\/p>\n\n\n\n<p>Seg\u00fan testigos, el uniformado se encontraba franco, por lo que decidi\u00f3 ir a nadar a la laguna, ubicada a unos seis kil\u00f3metros de la cabecera municipal.<\/p>\n\n\n\n<figure class=\"wp-block-image\"><img decoding=\"async\" width=\"900\" height=\"500\" src=\"http:\/\/www.zonaroja.com.mx\/wp-content\/uploads\/2019\/09\/Ahogado-Santa-Mar\u00eda-Camotl\u00e1n-2.jpg\" alt=\"\" class=\"wp-image-4194\" srcset=\"https:\/\/zonaroja.com.mx\/wp-content\/uploads\/2019\/09\/Ahogado-Santa-Mar\u00eda-Camotl\u00e1n-2.jpg 900w, https:\/\/zonaroja.com.mx\/wp-content\/uploads\/2019\/09\/Ahogado-Santa-Mar\u00eda-Camotl\u00e1n-2-300x167.jpg 300w, https:\/\/zonaroja.com.mx\/wp-content\/uploads\/2019\/09\/Ahogado-Santa-Mar\u00eda-Camotl\u00e1n-2-768x427.jpg 768w, https:\/\/zonaroja.com.mx\/wp-content\/uploads\/2019\/09\/Ahogado-Santa-Mar\u00eda-Camotl\u00e1n-2-585x325.jpg 585w\" sizes=\"(max-width: 900px) 100vw, 900px\" \/><\/figure>\n\n\n\n<p>Sin embargo,\nal parecer se ator\u00f3 en el fango por lo que no pudo salir y empez\u00f3 a manotear; personas\nque se encontraban en la zona intentaron ayudarlo, pero no pudieron rescatarlo.<\/p>\n\n\n\n<p>Por ello\npidieron auxilio de personal especializado que por la noche rescat\u00f3 el cuerpo\ndel polic\u00eda municipal.<\/p>\n\n\n\n<p>La\nVicefiscal\u00eda Regional de la Mixteca inici\u00f3 las indagatorias correspondientes\npara deslindar responsabilidades.<\/p>\n","protected":false},"excerpt":{"rendered":"<p>Redacci\u00f3n\/Zona Roja. Oaxaca de Ju\u00e1rez, Oax., 22 de septiembre de 2019.- Un polic\u00eda local del&hellip;<\/p>\n","protected":false},"author":2,"featured_media":4193,"comment_status":"closed","ping_status":"open","sticky":false,"template":"","format":"standard","meta":{"_lmt_disableupdate":"","_lmt_disable":"","_jetpack_memberships_contains_paid_content":false,"footnotes":""},"categories":[109,47],"tags":[751],"class_list":["post-4192","post","type-post","status-publish","format-standard","has-post-thumbnail","hentry","category-minuto-a-minuto","category-zona-gris","tag-santa-maria-camotlan"],"jetpack_featured_media_url":"https:\/\/zonaroja.com.mx\/wp-content\/uploads\/2019\/09\/Ahogado-Santa-Mar\u00eda-Camotl\u00e1n-1.jpg","jetpack_sharing_enabled":true,"_links":{"self":[{"href":"https:\/\/zonaroja.com.mx\/index.php?rest_route=\/wp\/v2\/posts\/4192","targetHints":{"allow":["GET"]}}],"collection":[{"href":"https:\/\/zonaroja.com.mx\/index.php?rest_route=\/wp\/v2\/posts"}],"about":[{"href":"https:\/\/zonaroja.com.mx\/index.php?rest_route=\/wp\/v2\/types\/post"}],"author":[{"embeddable":true,"href":"https:\/\/zonaroja.com.mx\/index.php?rest_route=\/wp\/v2\/users\/2"}],"replies":[{"embeddable":true,"href":"https:\/\/zonaroja.com.mx\/index.php?rest_route=%2Fwp%2Fv2%2Fcomments&post=4192"}],"version-history":[{"count":1,"href":"https:\/\/zonaroja.com.mx\/index.php?rest_route=\/wp\/v2\/posts\/4192\/revisions"}],"predecessor-version":[{"id":4195,"href":"https:\/\/zonaroja.com.mx\/index.php?rest_route=\/wp\/v2\/posts\/4192\/revisions\/4195"}],"wp:featuredmedia":[{"embeddable":true,"href":"https:\/\/zonaroja.com.mx\/index.php?rest_route=\/wp\/v2\/media\/4193"}],"wp:attachment":[{"href":"https:\/\/zonaroja.com.mx\/index.php?rest_route=%2Fwp%2Fv2%2Fmedia&parent=4192"}],"wp:term":[{"taxonomy":"category","embeddable":true,"href":"https:\/\/zonaroja.com.mx\/index.php?rest_route=%2Fwp%2Fv2%2Fcategories&post=4192"},{"taxonomy":"post_tag","embeddable":true,"href":"https:\/\/zonaroja.com.mx\/index.php?rest_route=%2Fwp%2Fv2%2Ftags&post=4192"}],"curies":[{"name":"wp","href":"https:\/\/api.w.org\/{rel}","templated":true}]}}