{"id":41920,"date":"2022-06-02T07:35:24","date_gmt":"2022-06-02T12:35:24","guid":{"rendered":"http:\/\/www.zonaroja.com.mx\/?p=41920"},"modified":"2022-06-02T07:35:25","modified_gmt":"2022-06-02T12:35:25","slug":"adios-a-de-buena-fe","status":"publish","type":"post","link":"https:\/\/zonaroja.com.mx\/?p=41920","title":{"rendered":"Adi\u00f3s a De Buena Fe"},"content":{"rendered":"\n<p>Gibr\u00e1n Ram\u00edrez Reyes*<\/p>\n\n\n\n<p>De com\u00fan acuerdo y en los mejores t\u00e9rminos, la direcci\u00f3n de Canal Once y yo hemos tomado la decisi\u00f3n de dar por terminado el proyecto De Buena Fe, el programa que conduje por 118 episodios en el pilar de la televisi\u00f3n p\u00fablica mexicana.&nbsp;<\/p>\n\n\n\n<p>Me acompa\u00f1aron en el programa Danger, quien utiliza el rap para expresar profundos planteamientos, y Estefan\u00eda Veloz, voz de proyectos feministas, denunciante de la mala fe en el clima pol\u00edtico de nuestros d\u00edas y enemiga declarada de la posverdad desde la pantalla.&nbsp;<\/p>\n\n\n\n<p>Estoy seguro de que, por su enorme val\u00eda, ambos tendr\u00e1n cabida en el futuro de los medios p\u00fablicos y privados del pa\u00eds.&nbsp;<\/p>\n\n\n\n<p>Durante esos 118 episodios tuve la oportunidad de conversar profundamente con personas acad\u00e9micas, intelectuales cr\u00edticas, oficialistas y opositoras, destacadas periodistas; convers\u00e9 tambi\u00e9n con ex guerrilleros, v\u00edctimas y activistas, psiquiatras, especialistas de organismos multilaterales, el ex presidente de Ecuador, el actual presidente de Bolivia, el l\u00edder del Consejo Coordinador Empresarial, el director de la CFE, dos directores del IMSS, el subsecretario que condujo la pandemia, cuatro&nbsp;secretarios de Estado, legisladores de la izquierda (los de derecha nunca quisieron acudir), dos precandidatos a la Presidencia de la Rep\u00fablica, el ex director de la UIF, una gobernadora actual, y otros funcionarios p\u00fablicos.&nbsp;<\/p>\n\n\n\n<p>Hablamos de la guerra de afuera y de la interior, de la muerte, de la salud p\u00fablica, de consumo de sustancias, de salud mental, de \u00e9tica, de la democracia mexicana, de la agenda para el futuro de la izquierda, de la sequ\u00eda, de las maternidades y la urgencia de una pol\u00edtica de seguridad social y cuidados, de las luchas feministas, de masculinidades, del salario m\u00ednimo, de antropolog\u00eda, de elecciones, de la relaci\u00f3n del gobierno con los empresarios, de espionaje, de la reforma en materia de pensiones, de megaproyectos, de la Conquista de M\u00e9xico, de aduanas, puertos y aeropuertos, de educaci\u00f3n, de la Decena Tr\u00e1gica, de la relaci\u00f3n M\u00e9xico-Estados Unidos, de los proyectos del gobierno, de la reforma judicial, de tristeza y felicidad, de las Fuerzas Armadas, de la envidia en la pol\u00edtica, de la guerrilla como opci\u00f3n pol\u00edtica, de la Liga Comunista 23 de Septiembre, de demograf\u00eda, de las megal\u00f3polis, del suicidio, de violencia y barras bravas, del Congreso Mexicano, de Emiliano Zapata, de libertad de expresi\u00f3n, del caso Ayotzinapa, de la violencia, de la pandemia y sus efectos, de la Reforma Energ\u00e9tica y el abuso de las trasnacionales, de la crisis de los partidos pol\u00edticos, de mujeres privadas de la libertad.&nbsp;<\/p>\n\n\n\n<p>Agradezco a Jos\u00e9 Antonio \u00c1lvarez Lima la oportunidad magn\u00edfica de crear el proyecto, su ayuda esmerada, su confianza para abrir un nuevo espacio de discusi\u00f3n, su apoyo incondicional durante su duraci\u00f3n \u2014adem\u00e1s de sus ense\u00f1anzas sobre la televisi\u00f3n, el pa\u00eds y la vida. &nbsp;<\/p>\n\n\n\n<p>Agradezco tambi\u00e9n a Carlos Brito, el director actual, por su gentileza, su escucha y comprensi\u00f3n. Agradezco a todo el equipo de producci\u00f3n y redes. Agradezco, sobre todo, al p\u00fablico que no dej\u00f3 de crecer desde 2019, alcanzando cientos de miles de habituales. Con ustedes seguir\u00e9 coincidiendo en los proyectos por venir, siempre, de buena fe.\u00a0<\/p>\n\n\n\n<p>* Doctor en ciencia pol\u00edtica por la UNAM.<\/p>\n\n\n\n<p>@gibranrr&nbsp;<\/p>\n","protected":false},"excerpt":{"rendered":"<p>Gibr\u00e1n Ram\u00edrez Reyes* De com\u00fan acuerdo y en los mejores t\u00e9rminos, la direcci\u00f3n de Canal&hellip;<\/p>\n","protected":false},"author":2,"featured_media":41734,"comment_status":"closed","ping_status":"open","sticky":false,"template":"","format":"standard","meta":{"_lmt_disableupdate":"","_lmt_disable":"","_jetpack_memberships_contains_paid_content":false,"footnotes":""},"categories":[456,109],"tags":[2489],"class_list":["post-41920","post","type-post","status-publish","format-standard","has-post-thumbnail","hentry","category-columna","category-minuto-a-minuto","tag-gibran-ramirez-reyes"],"jetpack_featured_media_url":"https:\/\/zonaroja.com.mx\/wp-content\/uploads\/2022\/05\/Opinion-Gibran-Ramirez-Reyes.jpg","jetpack_sharing_enabled":true,"_links":{"self":[{"href":"https:\/\/zonaroja.com.mx\/index.php?rest_route=\/wp\/v2\/posts\/41920","targetHints":{"allow":["GET"]}}],"collection":[{"href":"https:\/\/zonaroja.com.mx\/index.php?rest_route=\/wp\/v2\/posts"}],"about":[{"href":"https:\/\/zonaroja.com.mx\/index.php?rest_route=\/wp\/v2\/types\/post"}],"author":[{"embeddable":true,"href":"https:\/\/zonaroja.com.mx\/index.php?rest_route=\/wp\/v2\/users\/2"}],"replies":[{"embeddable":true,"href":"https:\/\/zonaroja.com.mx\/index.php?rest_route=%2Fwp%2Fv2%2Fcomments&post=41920"}],"version-history":[{"count":1,"href":"https:\/\/zonaroja.com.mx\/index.php?rest_route=\/wp\/v2\/posts\/41920\/revisions"}],"predecessor-version":[{"id":41921,"href":"https:\/\/zonaroja.com.mx\/index.php?rest_route=\/wp\/v2\/posts\/41920\/revisions\/41921"}],"wp:featuredmedia":[{"embeddable":true,"href":"https:\/\/zonaroja.com.mx\/index.php?rest_route=\/wp\/v2\/media\/41734"}],"wp:attachment":[{"href":"https:\/\/zonaroja.com.mx\/index.php?rest_route=%2Fwp%2Fv2%2Fmedia&parent=41920"}],"wp:term":[{"taxonomy":"category","embeddable":true,"href":"https:\/\/zonaroja.com.mx\/index.php?rest_route=%2Fwp%2Fv2%2Fcategories&post=41920"},{"taxonomy":"post_tag","embeddable":true,"href":"https:\/\/zonaroja.com.mx\/index.php?rest_route=%2Fwp%2Fv2%2Ftags&post=41920"}],"curies":[{"name":"wp","href":"https:\/\/api.w.org\/{rel}","templated":true}]}}