{"id":41938,"date":"2022-06-02T21:42:52","date_gmt":"2022-06-03T02:42:52","guid":{"rendered":"http:\/\/www.zonaroja.com.mx\/?p=41938"},"modified":"2022-06-02T21:42:54","modified_gmt":"2022-06-03T02:42:54","slug":"en-vispera-de-elecciones-se-intensifican-protestas-y-segego-ausente","status":"publish","type":"post","link":"https:\/\/zonaroja.com.mx\/?p=41938","title":{"rendered":"En v\u00edspera de elecciones, se intensifican protestas\u2026 y Segego ausente"},"content":{"rendered":"\n<p>Yuridiana Sosa\/Zona Roja.<\/p>\n\n\n\n<p>Oaxacade Ju\u00e1rez, Oax., 02 de junio de 2022.- A tres d\u00edas de las elecciones para la gubernatura, la Secretar\u00eda General de Gobierno de Oaxaca (Segego) no logra destrabar las distintas protestas que se mantienen en la entidad y que ponen en vilo un proceso que avanza de forma ordenada.<\/p>\n\n\n\n<p>En la regi\u00f3n de la Costa, por tercer d\u00eda consecutivo, se realiza un bloqueo en la carretera federal 200, en inmediaciones de la comunidad de Las Negras, de San Pedro Mixtepec.<\/p>\n\n\n\n<p>Los habitantes exigen atenci\u00f3n de la Comisi\u00f3n Nacional de Acuacultura y Pesca (Conapesca) para que concluya los trabajos de dragado en la bocabarra de la laguna de Manialtepec.<\/p>\n\n\n\n<p>En tanto, en la regi\u00f3n de la Sierra Sur, habitantes de la comunidad Aquiles Serd\u00e1n, en Santa Mar\u00eda Zacatepec cerraron el paso en la carretera federal 125, en el punto de la desviaci\u00f3n a \u201cCoyulito\u201d, para exigen mejoras en la infraestructura de la cl\u00ednica y construcci\u00f3n de aulas en el bachillerato comunitario<\/p>\n\n\n\n<p>Esta protesta la realizan pobladores respaldados por el Comit\u00e9 de Defensa de los Derechos del Pueblo (Codep).<\/p>\n\n\n\n<p>En la regi\u00f3n del Istmo continu\u00f3 por cuarto d\u00eda consecutivo, y de forma indefinida, el bloqueo en la carretera Trans\u00edstmica en jurisdicci\u00f3n de Mat\u00edas Romero Avenda\u00f1o, por parte de habitantes de diferentes agencias de San Juan Mazatl\u00e1n Mixe, para exigir recursos en efectivo del ramo 28 y 33.<\/p>\n\n\n\n<p>Ello ha generado confrontaciones entre pobladores de Mat\u00edas y los inconformes que, esta noche, comenzaron a incendiar veh\u00edculos, a falta de atenci\u00f3n de las autoridades estatales y municipales.<\/p>\n\n\n\n<p>Mientras que en el municipio de San Juan Guichicovi, pobladores del Ejido Mogo\u00f1\u00e9 tomaron las v\u00edas f\u00e9rreas en el tramo de su comunidad para impedir las obras del Corredor Interoce\u00e1nico y exigir atenci\u00f3n del gobierno federal.<\/p>\n\n\n\n<p>EN LA CAPITAL<\/p>\n\n\n\n<p>Integrantes de la Red de V\u00edctimas \u201cTom\u00e1s Mart\u00ednez\u201d se manifestaron en oficinas de la Fiscal\u00eda General del Estado de Oaxaca, en la colonia Reforma de la capital, para exigir agilidad en las investigaci\u00f3n y justicia para el asesinato del activista Tom\u00e1s Mart\u00ednez ocurrido en agosto de 2020.<\/p>\n\n\n\n<p>La manifestaci\u00f3n se realiz\u00f3 a pesar que se ten\u00eda prevista una reuni\u00f3n entre la familia de la v\u00edctima, representantes de la organizaci\u00f3n y autoridades de la Fiscal\u00eda de Oaxaca.<\/p>\n\n\n\n<p>Por otra parte, comuneros de San Jer\u00f3nimo Sosola, de la regi\u00f3n de Valles Centrales, \u201ctomaron\u201d por varias horas las oficinas de la Procuradur\u00eda Agraria en la colonia Reforma de la capital del estado, para demandar atenci\u00f3n inmediata a a\u00f1ejas demandas o amagaron con impedir elecciones en su comunidad el 5 de junio.<\/p>\n\n\n\n<p>Los inconformes acusaron que la Procuradur\u00eda Agraria se comprometi\u00f3 desde hace varios meses a convocar a una asamblea general para el cambio del Comisariado, pues desde dicha autoridad se han cometido diversas irregularidades.<\/p>\n\n\n\n<p>Durante la manifestaci\u00f3n destacaron que la comunidad desconoci\u00f3 en asamblea general a sus autoridades agrarias, quienes ped\u00edan a los habitantes hasta un mill\u00f3n de pesos para realizar una obra de pavimentaci\u00f3n de camino y en represalia les quitaron dicha obra, por lo que acudieron a la instancia federal en Oaxaca.<\/p>\n\n\n\n<p>Los habitantes apuntaron que de no tener respuestas favorables podr\u00edan iniciar un bloqueo en la s\u00faper carretera a M\u00e9xico, lo que complicar\u00eda el escenario para la jornada electoral del 5 de junio.<\/p>\n\n\n\n<p>Adem\u00e1s, trabajadores de los Servicios de Salud de Oaxaca se manifestaron contra esta dependencia que dirige Virginia S\u00e1nchez R\u00edos, por lo que un nutrido grupo se apoder\u00f3 de las oficinas administrativas de Salud ubicadas en la calle de Violetas, en colonia Reforma.<\/p>\n\n\n\n<p>Mientras que frente la Junta Local de Conciliaci\u00f3n y Arbitraje, ex trabajadores del Partido Revolucionario Institucional (PRI) bloquearon de manera temporal el bulevar Eduardo Vasconcelos, para exigir pagos de laudos a su favor.<\/p>\n\n\n\n<p>Tras ello, la docena de manifestantes fue atendida por representantes del PRI, quienes indicaron que atender\u00e1n esta demanda, heredada de anteriores dirigentes del Comit\u00e9 Directivo Estatal.<\/p>\n","protected":false},"excerpt":{"rendered":"<p>Yuridiana Sosa\/Zona Roja. Oaxacade Ju\u00e1rez, Oax., 02 de junio de 2022.- A tres d\u00edas de&hellip;<\/p>\n","protected":false},"author":2,"featured_media":41939,"comment_status":"closed","ping_status":"open","sticky":false,"template":"","format":"standard","meta":{"_lmt_disableupdate":"","_lmt_disable":"","_jetpack_memberships_contains_paid_content":false,"footnotes":""},"categories":[109,47],"tags":[2254],"class_list":["post-41938","post","type-post","status-publish","format-standard","has-post-thumbnail","hentry","category-minuto-a-minuto","category-zona-gris","tag-protestas-y-bloqueos-oaxaca"],"jetpack_featured_media_url":"https:\/\/zonaroja.com.mx\/wp-content\/uploads\/2022\/06\/Incendio-vehiculos-MAtias-Mazatlan-Mixe.jpg","jetpack_sharing_enabled":true,"_links":{"self":[{"href":"https:\/\/zonaroja.com.mx\/index.php?rest_route=\/wp\/v2\/posts\/41938","targetHints":{"allow":["GET"]}}],"collection":[{"href":"https:\/\/zonaroja.com.mx\/index.php?rest_route=\/wp\/v2\/posts"}],"about":[{"href":"https:\/\/zonaroja.com.mx\/index.php?rest_route=\/wp\/v2\/types\/post"}],"author":[{"embeddable":true,"href":"https:\/\/zonaroja.com.mx\/index.php?rest_route=\/wp\/v2\/users\/2"}],"replies":[{"embeddable":true,"href":"https:\/\/zonaroja.com.mx\/index.php?rest_route=%2Fwp%2Fv2%2Fcomments&post=41938"}],"version-history":[{"count":1,"href":"https:\/\/zonaroja.com.mx\/index.php?rest_route=\/wp\/v2\/posts\/41938\/revisions"}],"predecessor-version":[{"id":41940,"href":"https:\/\/zonaroja.com.mx\/index.php?rest_route=\/wp\/v2\/posts\/41938\/revisions\/41940"}],"wp:featuredmedia":[{"embeddable":true,"href":"https:\/\/zonaroja.com.mx\/index.php?rest_route=\/wp\/v2\/media\/41939"}],"wp:attachment":[{"href":"https:\/\/zonaroja.com.mx\/index.php?rest_route=%2Fwp%2Fv2%2Fmedia&parent=41938"}],"wp:term":[{"taxonomy":"category","embeddable":true,"href":"https:\/\/zonaroja.com.mx\/index.php?rest_route=%2Fwp%2Fv2%2Fcategories&post=41938"},{"taxonomy":"post_tag","embeddable":true,"href":"https:\/\/zonaroja.com.mx\/index.php?rest_route=%2Fwp%2Fv2%2Ftags&post=41938"}],"curies":[{"name":"wp","href":"https:\/\/api.w.org\/{rel}","templated":true}]}}