{"id":41943,"date":"2022-06-02T22:24:41","date_gmt":"2022-06-03T03:24:41","guid":{"rendered":"http:\/\/www.zonaroja.com.mx\/?p=41943"},"modified":"2022-06-02T22:24:42","modified_gmt":"2022-06-03T03:24:42","slug":"familia-de-vera-carrizal-desmiente-existencia-de-audios-que-malena-rios-senalo-por-sobornos","status":"publish","type":"post","link":"https:\/\/zonaroja.com.mx\/?p=41943","title":{"rendered":"Familia de Vera Carrizal desmiente existencia de audios que Malena R\u00edos se\u00f1al\u00f3 por sobornos"},"content":{"rendered":"\n<p>Yuridiana Sosa\/Zona Roja.<\/p>\n\n\n\n<p>Oaxaca de Ju\u00e1rez, Oax., Familiares de Juan Antonio V. C., detenido por el atentado contra la saxofonista Mar\u00eda Elena R\u00edos, neg\u00f3 que existan audios en los que supuestamente sobornaron a tres magistrados para que el presunto responsable siga su proceso en libertad.<\/p>\n\n\n\n<p>En conferencia de prensa, afuera de las oficinas de la Fiscal\u00eda General de Oaxaca en la capital oaxaque\u00f1a, la hija del acusado, Guadalupe Vera, demand\u00f3 una audiencia con el fiscal Arturo Peimbert Calvo, pues refieren que la justicia no debe tener preferencias.<\/p>\n\n\n\n<p>Ella fue se\u00f1alada el lunes pasado por Mar\u00eda Elena R\u00edos \u2013en conferencia frente a Palacio Nacional en Ciudad de M\u00e9xico- como la actora de los presuntos sobornos a tres magistrados del Tribunal Superior de Justicia de Oaxaca para favorecer en el proceso al ex diputado de Oaxaca, y de lo cual ten\u00eda audios como pruebas, dijo.<\/p>\n\n\n\n<p>La hija del se\u00f1alado desminti\u00f3 que existan dichos audios y haya actuado de esa forma, por lo que lament\u00f3 que por un hecho medi\u00e1tico se vea en riesgo la posible libertad de su padre, por la que van a seguir su defensa legal.<\/p>\n\n\n\n<p>La lucha de la familia del acusado como autor intelectual del ataque con \u00e1cido de Mar\u00eda Elena R\u00edos est\u00e1 respaldada por la organizaci\u00f3n Frente Nacional Ind\u00edgena y Campesino (FNIC), la cual indic\u00f3 que tambi\u00e9n buscar\u00e1n al presidente de M\u00e9xico, Andr\u00e9s Manuel L\u00f3pez Obrador, para que conozca ambas versiones de los hechos.<\/p>\n\n\n\n<p>El lunes pasado Mar\u00eda Elena R\u00edos acudi\u00f3 a Palacio Nacional para pedir la intervenci\u00f3n del mandatario nacional ante el soborno de magistrados de Oaxaca para que Juan Antonio V. C. siga su proceso en libertad y se cambie el delito de tentativa de feminicidio por lesiones.<\/p>\n","protected":false},"excerpt":{"rendered":"<p>Yuridiana Sosa\/Zona Roja. Oaxaca de Ju\u00e1rez, Oax., Familiares de Juan Antonio V. C., detenido por&hellip;<\/p>\n","protected":false},"author":2,"featured_media":41944,"comment_status":"closed","ping_status":"open","sticky":false,"template":"","format":"standard","meta":{"_lmt_disableupdate":"","_lmt_disable":"","_jetpack_memberships_contains_paid_content":false,"footnotes":""},"categories":[109,47],"tags":[1144],"class_list":["post-41943","post","type-post","status-publish","format-standard","has-post-thumbnail","hentry","category-minuto-a-minuto","category-zona-gris","tag-juan-antonio-vera-carrizal"],"jetpack_featured_media_url":"https:\/\/zonaroja.com.mx\/wp-content\/uploads\/2022\/06\/Protresta-familia-Vera-Carrizal-Fiscalia.jpg","jetpack_sharing_enabled":true,"_links":{"self":[{"href":"https:\/\/zonaroja.com.mx\/index.php?rest_route=\/wp\/v2\/posts\/41943","targetHints":{"allow":["GET"]}}],"collection":[{"href":"https:\/\/zonaroja.com.mx\/index.php?rest_route=\/wp\/v2\/posts"}],"about":[{"href":"https:\/\/zonaroja.com.mx\/index.php?rest_route=\/wp\/v2\/types\/post"}],"author":[{"embeddable":true,"href":"https:\/\/zonaroja.com.mx\/index.php?rest_route=\/wp\/v2\/users\/2"}],"replies":[{"embeddable":true,"href":"https:\/\/zonaroja.com.mx\/index.php?rest_route=%2Fwp%2Fv2%2Fcomments&post=41943"}],"version-history":[{"count":1,"href":"https:\/\/zonaroja.com.mx\/index.php?rest_route=\/wp\/v2\/posts\/41943\/revisions"}],"predecessor-version":[{"id":41945,"href":"https:\/\/zonaroja.com.mx\/index.php?rest_route=\/wp\/v2\/posts\/41943\/revisions\/41945"}],"wp:featuredmedia":[{"embeddable":true,"href":"https:\/\/zonaroja.com.mx\/index.php?rest_route=\/wp\/v2\/media\/41944"}],"wp:attachment":[{"href":"https:\/\/zonaroja.com.mx\/index.php?rest_route=%2Fwp%2Fv2%2Fmedia&parent=41943"}],"wp:term":[{"taxonomy":"category","embeddable":true,"href":"https:\/\/zonaroja.com.mx\/index.php?rest_route=%2Fwp%2Fv2%2Fcategories&post=41943"},{"taxonomy":"post_tag","embeddable":true,"href":"https:\/\/zonaroja.com.mx\/index.php?rest_route=%2Fwp%2Fv2%2Ftags&post=41943"}],"curies":[{"name":"wp","href":"https:\/\/api.w.org\/{rel}","templated":true}]}}