{"id":41946,"date":"2022-06-03T07:51:16","date_gmt":"2022-06-03T12:51:16","guid":{"rendered":"http:\/\/www.zonaroja.com.mx\/?p=41946"},"modified":"2022-06-03T07:51:17","modified_gmt":"2022-06-03T12:51:17","slug":"asesinan-a-segunda-mujer-en-oaxaca-en-menos-de-24-horas","status":"publish","type":"post","link":"https:\/\/zonaroja.com.mx\/?p=41946","title":{"rendered":"Asesinan a segunda mujer en Oaxaca, en menos de 24 horas"},"content":{"rendered":"\n<p>Ismael Garc\u00eda M.\/Zona Roja.<\/p>\n\n\n\n<p>Oaxaca de Ju\u00e1rez, Oax., a 3 de junio de 2022.- En menos de 24 horas, una segunda mujer fue asesinada a balazos en el estado de Oaxaca.<\/p>\n\n\n\n<p>Luego del crimen, la noche del mi\u00e9rcoles, de una femenina en el municipio de Mat\u00edas Romero, ayer por la ma\u00f1ana fue atacada una mujer en la calle Independencia de Villa Sola de Vega, municipio de la regi\u00f3n Sierra Sur.<\/p>\n\n\n\n<p>La v\u00edctima fue trasladada a un hospital y presentaba al menos 13 impactos de arma de fuego; por la gravedad de las heridas muri\u00f3 en el nosocomio. Fue identificada como Mar\u00eda C. C., de 42 a\u00f1os de edad.<\/p>\n\n\n\n<p>Como se inform\u00f3, la noche del mi\u00e9rcoles en el centro de Mat\u00edas Romero fue atacada a balazos una pareja; la mujer identificada como Cecilia L. R, de 32 a\u00f1os, muri\u00f3 en el sitio; el var\u00f3n fue trasladado grave a un hospital del IMSS.\u00a0<\/p>\n\n\n\n<p>La Fiscal\u00eda General del Estado de Oaxaca inici\u00f3 las indagatorias correspondientes bajo los protocolos de feminicidio.<\/p>\n","protected":false},"excerpt":{"rendered":"<p>Ismael Garc\u00eda M.\/Zona Roja. Oaxaca de Ju\u00e1rez, Oax., a 3 de junio de 2022.- En&hellip;<\/p>\n","protected":false},"author":2,"featured_media":15774,"comment_status":"closed","ping_status":"open","sticky":false,"template":"","format":"standard","meta":{"_lmt_disableupdate":"","_lmt_disable":"","_jetpack_memberships_contains_paid_content":false,"footnotes":""},"categories":[109,51],"tags":[610,1236],"class_list":["post-41946","post","type-post","status-publish","format-standard","has-post-thumbnail","hentry","category-minuto-a-minuto","category-zona-roja","tag-feminicidios-oaxaca","tag-villa-sola-de-vega"],"jetpack_featured_media_url":"https:\/\/zonaroja.com.mx\/wp-content\/uploads\/2020\/08\/Feminicidio-Oaxaca.jpg","jetpack_sharing_enabled":true,"_links":{"self":[{"href":"https:\/\/zonaroja.com.mx\/index.php?rest_route=\/wp\/v2\/posts\/41946","targetHints":{"allow":["GET"]}}],"collection":[{"href":"https:\/\/zonaroja.com.mx\/index.php?rest_route=\/wp\/v2\/posts"}],"about":[{"href":"https:\/\/zonaroja.com.mx\/index.php?rest_route=\/wp\/v2\/types\/post"}],"author":[{"embeddable":true,"href":"https:\/\/zonaroja.com.mx\/index.php?rest_route=\/wp\/v2\/users\/2"}],"replies":[{"embeddable":true,"href":"https:\/\/zonaroja.com.mx\/index.php?rest_route=%2Fwp%2Fv2%2Fcomments&post=41946"}],"version-history":[{"count":1,"href":"https:\/\/zonaroja.com.mx\/index.php?rest_route=\/wp\/v2\/posts\/41946\/revisions"}],"predecessor-version":[{"id":41947,"href":"https:\/\/zonaroja.com.mx\/index.php?rest_route=\/wp\/v2\/posts\/41946\/revisions\/41947"}],"wp:featuredmedia":[{"embeddable":true,"href":"https:\/\/zonaroja.com.mx\/index.php?rest_route=\/wp\/v2\/media\/15774"}],"wp:attachment":[{"href":"https:\/\/zonaroja.com.mx\/index.php?rest_route=%2Fwp%2Fv2%2Fmedia&parent=41946"}],"wp:term":[{"taxonomy":"category","embeddable":true,"href":"https:\/\/zonaroja.com.mx\/index.php?rest_route=%2Fwp%2Fv2%2Fcategories&post=41946"},{"taxonomy":"post_tag","embeddable":true,"href":"https:\/\/zonaroja.com.mx\/index.php?rest_route=%2Fwp%2Fv2%2Ftags&post=41946"}],"curies":[{"name":"wp","href":"https:\/\/api.w.org\/{rel}","templated":true}]}}