{"id":41953,"date":"2022-06-03T08:52:15","date_gmt":"2022-06-03T13:52:15","guid":{"rendered":"http:\/\/www.zonaroja.com.mx\/?p=41953"},"modified":"2022-06-03T08:52:17","modified_gmt":"2022-06-03T13:52:17","slug":"guerra-en-ucrania-no-tendra-ganador-asegura-la-onu","status":"publish","type":"post","link":"https:\/\/zonaroja.com.mx\/?p=41953","title":{"rendered":"Guerra en Ucrania &#8216;no tendr\u00e1 ganador&#8217;, asegura la ONU"},"content":{"rendered":"\n<p>Redacci\u00f3n\/Zona Roja Cdmx.<\/p>\n\n\n\n<p>Ciudad de M\u00e9xico, 3 de junio de 2022.- La guerra en Ucrania \u00abno tendr\u00e1 un ganador\u00bb, dijo este viernes el coordinador de la ONU para ese pa\u00eds, al cumplirse 100 d\u00edas de la invasi\u00f3n rusa.<\/p>\n\n\n\n<p>Esta guerra no tiene y no tendr\u00e1 ganador\u00bb, afirm\u00f3 Amin Awad en un comunicado.&nbsp;<\/p>\n\n\n\n<p>\u201cNecesitamos paz. La guerra debe cesar\u00bb, exhort\u00f3 el funcionario de la ONU en un momento en el que las negociaciones entre Rusia y Ucrania est\u00e1n en un punto muerto desde hace semanas.&nbsp;<\/p>\n\n\n\n<p>La invasi\u00f3n rusa lanzada el 24 de febrero \u00abha implicado un alto precio para los civiles\u00bb, advirti\u00f3 Awad citando \u00abla destrucci\u00f3n y la devastaci\u00f3n de ciudades y aldeas\u00bb y \u00ablas vidas, casas, empleos y perspectivas perdidas\u00bb.&nbsp;<\/p>\n\n\n\n<p>Desde hace varias semanas, el ej\u00e9rcito ucraniano y el ruso se enfrentan en el este del pa\u00eds, en la cuenca minera del Donb\u00e1s, y en el sur del pa\u00eds, donde Mosc\u00fa ha planteado la posibilidad de convocar refer\u00e9ndums con v\u00edas a anexar los territorios ocupados.&nbsp;<\/p>\n\n\n\n<p>Awad inform\u00f3 que en un poco menos de tres meses \u00abcerca de 14 millones de ucranianos han sido obligados a huir de sus hogares, la mayor\u00eda de ellos mujeres y ni\u00f1os\u00bb, lo que calific\u00f3 como un fen\u00f3meno \u00absin precedentes en la historia\u00bb.&nbsp;<\/p>\n\n\n\n<p>(Informaci\u00f3n de agencias internacionales y \u201cExc\u00e9lsior\u201d)<\/p>\n","protected":false},"excerpt":{"rendered":"<p>Redacci\u00f3n\/Zona Roja Cdmx. Ciudad de M\u00e9xico, 3 de junio de 2022.- La guerra en Ucrania&hellip;<\/p>\n","protected":false},"author":2,"featured_media":39048,"comment_status":"closed","ping_status":"open","sticky":false,"template":"","format":"standard","meta":{"_lmt_disableupdate":"","_lmt_disable":"","_jetpack_memberships_contains_paid_content":false,"footnotes":""},"categories":[109,47],"tags":[3040],"class_list":["post-41953","post","type-post","status-publish","format-standard","has-post-thumbnail","hentry","category-minuto-a-minuto","category-zona-gris","tag-conflicto-ucrania-rusia-2"],"jetpack_featured_media_url":"https:\/\/zonaroja.com.mx\/wp-content\/uploads\/2022\/03\/Cenrtro-comercial-Ucrania.jpeg","jetpack_sharing_enabled":true,"_links":{"self":[{"href":"https:\/\/zonaroja.com.mx\/index.php?rest_route=\/wp\/v2\/posts\/41953","targetHints":{"allow":["GET"]}}],"collection":[{"href":"https:\/\/zonaroja.com.mx\/index.php?rest_route=\/wp\/v2\/posts"}],"about":[{"href":"https:\/\/zonaroja.com.mx\/index.php?rest_route=\/wp\/v2\/types\/post"}],"author":[{"embeddable":true,"href":"https:\/\/zonaroja.com.mx\/index.php?rest_route=\/wp\/v2\/users\/2"}],"replies":[{"embeddable":true,"href":"https:\/\/zonaroja.com.mx\/index.php?rest_route=%2Fwp%2Fv2%2Fcomments&post=41953"}],"version-history":[{"count":1,"href":"https:\/\/zonaroja.com.mx\/index.php?rest_route=\/wp\/v2\/posts\/41953\/revisions"}],"predecessor-version":[{"id":41954,"href":"https:\/\/zonaroja.com.mx\/index.php?rest_route=\/wp\/v2\/posts\/41953\/revisions\/41954"}],"wp:featuredmedia":[{"embeddable":true,"href":"https:\/\/zonaroja.com.mx\/index.php?rest_route=\/wp\/v2\/media\/39048"}],"wp:attachment":[{"href":"https:\/\/zonaroja.com.mx\/index.php?rest_route=%2Fwp%2Fv2%2Fmedia&parent=41953"}],"wp:term":[{"taxonomy":"category","embeddable":true,"href":"https:\/\/zonaroja.com.mx\/index.php?rest_route=%2Fwp%2Fv2%2Fcategories&post=41953"},{"taxonomy":"post_tag","embeddable":true,"href":"https:\/\/zonaroja.com.mx\/index.php?rest_route=%2Fwp%2Fv2%2Ftags&post=41953"}],"curies":[{"name":"wp","href":"https:\/\/api.w.org\/{rel}","templated":true}]}}