{"id":41959,"date":"2022-06-03T13:46:35","date_gmt":"2022-06-03T18:46:35","guid":{"rendered":"https:\/\/www.zonaroja.com.mx\/?p=41959"},"modified":"2022-06-03T13:47:45","modified_gmt":"2022-06-03T18:47:45","slug":"denuncian-fallas-en-sistema-de-contraloria-de-oaxaca-para-presentar-declaracion-patrimonial","status":"publish","type":"post","link":"https:\/\/zonaroja.com.mx\/?p=41959","title":{"rendered":"Denuncian fallas en sistema de Contralor\u00eda de Oaxaca para presentar declaraci\u00f3n patrimonial"},"content":{"rendered":"\n<p>Redacci\u00f3n\/Zona Roja.<\/p>\n\n\n\n<p>Oaxaca de Ju\u00e1rez, Oax., 3 de junio de 2022.- La aplicaci\u00f3n digital de la Secretar\u00eda de la Contralor\u00eda y Transparencia Gubernamental para presentar la declaraci\u00f3n patrimonial, no sirve.&nbsp;<\/p>\n\n\n\n<p>Hace un a\u00f1o, la instituci\u00f3n que encabeza Jos\u00e9 \u00c1ngel D\u00edaz Navarro presumi\u00f3 &nbsp;la App E-Declara Oaxaca, pero para este 2022 present\u00f3 severas fallas.&nbsp;<\/p>\n\n\n\n<p>Este 31 de mayo fue el \u00faltimo d\u00eda para que los trabajadores de confianza y base del Gobierno del Estado hicieran sus declaraciones; no obstante la aplicaci\u00f3n fall\u00f3 y m\u00e1s del 40% de trabajadores se qued\u00f3 sin poder hacer su declaraci\u00f3n.&nbsp;<\/p>\n\n\n\n<p>Tan lamentable fallo -que cost\u00f3 a los oaxaque\u00f1os alrededor de 9.2 millones de pesos- ya que los trabajadores se encuentran en serios problemas pues este inconveniente les impidi\u00f3 cumplir con sus obligaciones.<\/p>\n\n\n\n<p>En esta denuncia, piden al gobernador Alejandro Murat Hinojosa tomar cartas en el asunto, pues el alto costo de la aplicaci\u00f3n lo toman como un saqueo a las arcas del gobierno del estado pues el contralor es hijo de Jes\u00fas &nbsp;\u00c1ngel D\u00edaz Ortega, quien a su paso como edil capitalino fue acusado de corrupto, no desaprovech\u00f3 la oportunidad para llevarse unos millones de pesos a su bolsa.&nbsp;<\/p>\n\n\n\n<p>Mientras tanto, el 40% de trabajadores afectados por el error de esta aplicaci\u00f3n E-Declara Oaxaca, temen ser sancionados, pues manifiestan que no es culpa de ellos al no servir dicha aplicaci\u00f3n a la hora de hacer sus declaraciones.<\/p>\n","protected":false},"excerpt":{"rendered":"<p>Redacci\u00f3n\/Zona Roja. Oaxaca de Ju\u00e1rez, Oax., 3 de junio de 2022.- La aplicaci\u00f3n digital de&hellip;<\/p>\n","protected":false},"author":2,"featured_media":41957,"comment_status":"closed","ping_status":"open","sticky":false,"template":"","format":"standard","meta":{"_lmt_disableupdate":"","_lmt_disable":"","_jetpack_memberships_contains_paid_content":false,"footnotes":""},"categories":[109,47],"tags":[],"class_list":["post-41959","post","type-post","status-publish","format-standard","has-post-thumbnail","hentry","category-minuto-a-minuto","category-zona-gris"],"jetpack_featured_media_url":"https:\/\/zonaroja.com.mx\/wp-content\/uploads\/2022\/06\/8441b70a-e337-4ce6-b238-10a8c9c5d86c.jpg","jetpack_sharing_enabled":true,"_links":{"self":[{"href":"https:\/\/zonaroja.com.mx\/index.php?rest_route=\/wp\/v2\/posts\/41959","targetHints":{"allow":["GET"]}}],"collection":[{"href":"https:\/\/zonaroja.com.mx\/index.php?rest_route=\/wp\/v2\/posts"}],"about":[{"href":"https:\/\/zonaroja.com.mx\/index.php?rest_route=\/wp\/v2\/types\/post"}],"author":[{"embeddable":true,"href":"https:\/\/zonaroja.com.mx\/index.php?rest_route=\/wp\/v2\/users\/2"}],"replies":[{"embeddable":true,"href":"https:\/\/zonaroja.com.mx\/index.php?rest_route=%2Fwp%2Fv2%2Fcomments&post=41959"}],"version-history":[{"count":1,"href":"https:\/\/zonaroja.com.mx\/index.php?rest_route=\/wp\/v2\/posts\/41959\/revisions"}],"predecessor-version":[{"id":41960,"href":"https:\/\/zonaroja.com.mx\/index.php?rest_route=\/wp\/v2\/posts\/41959\/revisions\/41960"}],"wp:featuredmedia":[{"embeddable":true,"href":"https:\/\/zonaroja.com.mx\/index.php?rest_route=\/wp\/v2\/media\/41957"}],"wp:attachment":[{"href":"https:\/\/zonaroja.com.mx\/index.php?rest_route=%2Fwp%2Fv2%2Fmedia&parent=41959"}],"wp:term":[{"taxonomy":"category","embeddable":true,"href":"https:\/\/zonaroja.com.mx\/index.php?rest_route=%2Fwp%2Fv2%2Fcategories&post=41959"},{"taxonomy":"post_tag","embeddable":true,"href":"https:\/\/zonaroja.com.mx\/index.php?rest_route=%2Fwp%2Fv2%2Ftags&post=41959"}],"curies":[{"name":"wp","href":"https:\/\/api.w.org\/{rel}","templated":true}]}}