{"id":41967,"date":"2022-06-03T19:48:41","date_gmt":"2022-06-04T00:48:41","guid":{"rendered":"http:\/\/www.zonaroja.com.mx\/?p=41967"},"modified":"2022-06-03T19:57:23","modified_gmt":"2022-06-04T00:57:23","slug":"ejecutan-en-juchitan-a-individuo-cercano-a-edil-morenista","status":"publish","type":"post","link":"https:\/\/zonaroja.com.mx\/?p=41967","title":{"rendered":"Ejecutan en Juchit\u00e1n a individuo cercano a edil morenista"},"content":{"rendered":"\n<p>Redacci\u00f3n\/Zona Roja.<\/p>\n\n\n\n<p>Oaxaca de Ju\u00e1rez, Oax., 3 de junio de 2022.- Un m\u00e9dico cercano al presidente municipal de Juchit\u00e1n de Zaragoza, Emilio Montero P\u00e9rez, fue ejecutado la tarde de hoy en c\u00e9ntricas ca\u00f1es de esa ciudad istme\u00f1a.<\/p>\n\n\n\n<p>Se trata de Carlos Eduardo L. M., quien fue acribillado al interior de su camioneta marca Toyota, tipo RV4, color rojo y con placas de circulaci\u00f3n TMF-4238, cuando circulaba por la calle Reforma esquina \u00c1lvaro Obreg\u00f3n.<\/p>\n\n\n\n<p>Los sujetos armados de inmediato se dieron a la fuga, tras disparar en m\u00e1s de una decena de ocasiones; param\u00e9dicos arribaron al lugar y trasladaron al galeno a una cl\u00ednica de Juchit\u00e1n, denominada \u00abJuquilita\u00bb.<\/p>\n\n\n\n<p>Sin embargo, horas m\u00e1s tarde falleci\u00f3. Era cercano al edil morenista y en reciente visita de Salom\u00f3n Jara Cruz particip\u00f3 en un ejercicio atl\u00e9tico con varias personas.<\/p>\n","protected":false},"excerpt":{"rendered":"<p>Redacci\u00f3n\/Zona Roja. Oaxaca de Ju\u00e1rez, Oax., 3 de junio de 2022.- Un m\u00e9dico cercano al&hellip;<\/p>\n","protected":false},"author":2,"featured_media":41968,"comment_status":"closed","ping_status":"open","sticky":false,"template":"","format":"standard","meta":{"_lmt_disableupdate":"","_lmt_disable":"","_jetpack_memberships_contains_paid_content":false,"footnotes":""},"categories":[109,51],"tags":[123],"class_list":["post-41967","post","type-post","status-publish","format-standard","has-post-thumbnail","hentry","category-minuto-a-minuto","category-zona-roja","tag-juchitan-de-zaragoza"],"jetpack_featured_media_url":"https:\/\/zonaroja.com.mx\/wp-content\/uploads\/2022\/06\/Medico-ejecutado-en-Juchitan-.jpg","jetpack_sharing_enabled":true,"_links":{"self":[{"href":"https:\/\/zonaroja.com.mx\/index.php?rest_route=\/wp\/v2\/posts\/41967","targetHints":{"allow":["GET"]}}],"collection":[{"href":"https:\/\/zonaroja.com.mx\/index.php?rest_route=\/wp\/v2\/posts"}],"about":[{"href":"https:\/\/zonaroja.com.mx\/index.php?rest_route=\/wp\/v2\/types\/post"}],"author":[{"embeddable":true,"href":"https:\/\/zonaroja.com.mx\/index.php?rest_route=\/wp\/v2\/users\/2"}],"replies":[{"embeddable":true,"href":"https:\/\/zonaroja.com.mx\/index.php?rest_route=%2Fwp%2Fv2%2Fcomments&post=41967"}],"version-history":[{"count":2,"href":"https:\/\/zonaroja.com.mx\/index.php?rest_route=\/wp\/v2\/posts\/41967\/revisions"}],"predecessor-version":[{"id":41971,"href":"https:\/\/zonaroja.com.mx\/index.php?rest_route=\/wp\/v2\/posts\/41967\/revisions\/41971"}],"wp:featuredmedia":[{"embeddable":true,"href":"https:\/\/zonaroja.com.mx\/index.php?rest_route=\/wp\/v2\/media\/41968"}],"wp:attachment":[{"href":"https:\/\/zonaroja.com.mx\/index.php?rest_route=%2Fwp%2Fv2%2Fmedia&parent=41967"}],"wp:term":[{"taxonomy":"category","embeddable":true,"href":"https:\/\/zonaroja.com.mx\/index.php?rest_route=%2Fwp%2Fv2%2Fcategories&post=41967"},{"taxonomy":"post_tag","embeddable":true,"href":"https:\/\/zonaroja.com.mx\/index.php?rest_route=%2Fwp%2Fv2%2Ftags&post=41967"}],"curies":[{"name":"wp","href":"https:\/\/api.w.org\/{rel}","templated":true}]}}