{"id":41981,"date":"2022-06-04T07:39:36","date_gmt":"2022-06-04T12:39:36","guid":{"rendered":"http:\/\/www.zonaroja.com.mx\/?p=41981"},"modified":"2022-06-04T07:39:38","modified_gmt":"2022-06-04T12:39:38","slug":"rusia-ucrania-100-dias-de-guerra-dejan-4-mil-muertos-y-14-millones-de-desplazados","status":"publish","type":"post","link":"https:\/\/zonaroja.com.mx\/?p=41981","title":{"rendered":"Rusia-Ucrania: 100 d\u00edas de guerra dejan 4 mil muertos y 14 millones de desplazados"},"content":{"rendered":"\n<p>Redacci\u00f3n\/Zona Roja Cdmx.<\/p>\n\n\n\n<p>Ciudad de M\u00e9xico, 4 de junio de 2022.- Cien d\u00edas de guerra de Rusia contra Ucrania han dejado como saldo m\u00e1s de cuatro mil personas fallecidas y unos 14 millones de desplazadas, de acuerdo con organismos internacionales.<\/p>\n\n\n\n<p>El 24 de febrero de este a\u00f1o inici\u00f3 la ofensiva rusa en contra de objetivos ucranianos y a la fecha mantiene varias ciudades en su poder.<\/p>\n\n\n\n<p>Adem\u00e1s, la guerra en Ucrania ha provocado una crisis alimentaria mundial con un alza de los precios de los cereales, los aceites comestibles, los combustibles y los fertilizantes.<\/p>\n\n\n\n<p>Rusia y Ucrania representan casi un tercio de la oferta mundial de trigo. Rusia es tambi\u00e9n un exportador de fertilizantes y Ucrania es potencia productora de ma\u00edz y aceite de girasol.<\/p>\n\n\n\n<p>En tanto, el presidente ucranio, Volodymir Zelensky, afirm\u00f3 que \u201cla victoria ser\u00e1 nuestra\u201d en un video difundido por Instagram, y sostuvo que \u201clos representantes del Estado est\u00e1n aqu\u00ed, defendiendo Ucrania desde hace 100 d\u00edas\u201d.<\/p>\n\n\n\n<p>El mandatario reconoci\u00f3 antier que Rusia ha triplicado la porci\u00f3n de territorio ucranio bajo su control. Con la pen\u00ednsula de Crimea anexada en 2014 y las zonas del Donb\u00e1s y del sur de Ucrania bajo su poder, Rusia ocupa ahora unos 125 mil kil\u00f3metros cuadrados.<\/p>\n\n\n\n<p>El secretario general de la ONU, Antonio Guterres, se\u00f1al\u00f3 que \u201cresolver este conflicto requerir\u00e1 negociaciones y di\u00e1logo. Cuanto antes las partes participen en esfuerzos diplom\u00e1ticos de buena fe para poner fin a esta guerra, mejor por el bien de Ucrania, Rusia y el mundo\u201d.<\/p>\n\n\n\n<p>En el campo de batalla, las tropas rusas est\u00e1n concentradas en el Donb\u00e1s, conformadas por las provincias de Lugansk y Donietsk, y la batalla es especialmente feroz en la ciudad de Severodonietsk, donde las tropas ucranias continuaron con su resistencia.<\/p>\n\n\n\n<p>AGREDEN A PERIODISTAS<\/p>\n\n\n\n<p>El chofer de un veh\u00edculo que transportaba a dos periodistas de la agencia internacional de noticias Reuters muri\u00f3 y los reporteros resultaron levemente heridos durante un ataque en Ucrania, inform\u00f3 el viernes la agencia.&nbsp;<\/p>\n\n\n\n<p>Durante un reportaje, dos periodistas de Reuters sufrieron heridas leves cuando fueron atacados mientras se dirig\u00edan a Severodonetsk\u00bb, afirm\u00f3 un portavoz de Reuters.<\/p>\n\n\n\n<p>Viajaban en un veh\u00edculo proporcionado por los separatistas respaldados por Rusia y conducido por un individuo asignado\u00bb por ellos que muri\u00f3 en el ataque, precis\u00f3.<\/p>\n\n\n\n<p>\u201cReuters hace llegar su m\u00e1s sentido p\u00e9same a la familia del conductor por su p\u00e9rdida\u00bb, a\u00f1adi\u00f3 la agencia.<\/p>\n\n\n\n<p>Reuters no dio detalles sobre sus identidades, su estado de salud o las circunstancias del tiroteo.&nbsp;<\/p>\n\n\n\n<p>El lunes, Frederic Leclerc-Imhoff, un periodista que trabajaba para el canal franc\u00e9s BFMTV, muri\u00f3 en el este de Ucrania alcanzado por la metralla durante un bombardeo mientras segu\u00eda a una operaci\u00f3n humanitaria.<\/p>\n\n\n\n<p>El reportero estaba cerca de Severodonestk, bombardeada por las tropas rusas y donde seg\u00fan Kiev, \u00ablos combates siguen en el centro de la ciudad\u00bb.<\/p>\n\n\n\n<p>La ministra francesa de Relaciones Exteriores, Catherine Colonna, dijo en un tuit que el reportero de 32 a\u00f1os, \u00abmuri\u00f3 en un bombardeo ruso\u00bb.&nbsp;<\/p>\n\n\n\n<p>Desde el inicio de la invasi\u00f3n rusa de Ucrania, al menos ocho periodistas han muerto sobre el terreno en el ejercicio de su trabajo, seg\u00fan un recuento de la oeneg\u00e9 Reporteros sin Fronteras (RSF).<\/p>\n\n\n\n<p>Los periodistas que trabajan cada d\u00eda en Ucrania para informarnos sobre la realidad de la guerra deben ser protegidos de los ataques\u00bb, subray\u00f3 el lunes la directora general de la Unesco, Audrey Azoulay.<\/p>\n\n\n\n<p>Azoulay pidi\u00f3 a las partes en conflicto que respeten una resoluci\u00f3n del Consejo de Seguridad de la ONU sobre la protecci\u00f3n de los profesionales de los medios de comunicaci\u00f3n en las zonas de conflicto<\/p>\n\n\n\n<p>(Informaci\u00f3n de agencias internacionales en \u201cLa Jornada\u201d y \u201cExc\u00e9lsior)<\/p>\n","protected":false},"excerpt":{"rendered":"<p>Redacci\u00f3n\/Zona Roja Cdmx. Ciudad de M\u00e9xico, 4 de junio de 2022.- Cien d\u00edas de guerra&hellip;<\/p>\n","protected":false},"author":2,"featured_media":38003,"comment_status":"closed","ping_status":"open","sticky":false,"template":"","format":"standard","meta":{"_lmt_disableupdate":"","_lmt_disable":"","_jetpack_memberships_contains_paid_content":false,"footnotes":""},"categories":[109,47],"tags":[3040],"class_list":["post-41981","post","type-post","status-publish","format-standard","has-post-thumbnail","hentry","category-minuto-a-minuto","category-zona-gris","tag-conflicto-ucrania-rusia-2"],"jetpack_featured_media_url":"https:\/\/zonaroja.com.mx\/wp-content\/uploads\/2022\/02\/Guerra-Rusia-Ucrania.jpg","jetpack_sharing_enabled":true,"_links":{"self":[{"href":"https:\/\/zonaroja.com.mx\/index.php?rest_route=\/wp\/v2\/posts\/41981","targetHints":{"allow":["GET"]}}],"collection":[{"href":"https:\/\/zonaroja.com.mx\/index.php?rest_route=\/wp\/v2\/posts"}],"about":[{"href":"https:\/\/zonaroja.com.mx\/index.php?rest_route=\/wp\/v2\/types\/post"}],"author":[{"embeddable":true,"href":"https:\/\/zonaroja.com.mx\/index.php?rest_route=\/wp\/v2\/users\/2"}],"replies":[{"embeddable":true,"href":"https:\/\/zonaroja.com.mx\/index.php?rest_route=%2Fwp%2Fv2%2Fcomments&post=41981"}],"version-history":[{"count":1,"href":"https:\/\/zonaroja.com.mx\/index.php?rest_route=\/wp\/v2\/posts\/41981\/revisions"}],"predecessor-version":[{"id":41982,"href":"https:\/\/zonaroja.com.mx\/index.php?rest_route=\/wp\/v2\/posts\/41981\/revisions\/41982"}],"wp:featuredmedia":[{"embeddable":true,"href":"https:\/\/zonaroja.com.mx\/index.php?rest_route=\/wp\/v2\/media\/38003"}],"wp:attachment":[{"href":"https:\/\/zonaroja.com.mx\/index.php?rest_route=%2Fwp%2Fv2%2Fmedia&parent=41981"}],"wp:term":[{"taxonomy":"category","embeddable":true,"href":"https:\/\/zonaroja.com.mx\/index.php?rest_route=%2Fwp%2Fv2%2Fcategories&post=41981"},{"taxonomy":"post_tag","embeddable":true,"href":"https:\/\/zonaroja.com.mx\/index.php?rest_route=%2Fwp%2Fv2%2Ftags&post=41981"}],"curies":[{"name":"wp","href":"https:\/\/api.w.org\/{rel}","templated":true}]}}